{"id":678311,"date":"2017-03-31T10:23:41","date_gmt":"2017-03-31T07:23:41","guid":{"rendered":"http:\/\/velovilnius.lt\/?p=678311"},"modified":"2017-03-29T16:53:01","modified_gmt":"2017-03-29T13:53:01","slug":"the-big-bike-winter-sale-started","status":"publish","type":"post","link":"https:\/\/velovilnius.lt\/de\/blog\/the-big-bike-winter-sale-started\/","title":{"rendered":"Fahrr\u00e4derfr\u00fchjahrausverkauf!"},"content":{"rendered":"Jedes Jahr im Fr\u00fchjahr entledigen wir uns einiger Gebrauchtr\u00e4der auf dem Verleih. Alle in Ordnung aber mit einigen Kratzern.<\/p>\n<p>Dieses Jahr sind es besonder wenige. Also nicht zu lange warten.<\/p>\n<p>Ab \u20ac50 bis \u20ac550 (schickes Rennrad)<\/p>\n<p>Stadtr\u00e4der mit 7-Gang-Nabe: \u20ac190<\/p>\n<p>Sportliche Hybrid-R\u00e4der: ab \u20ac220<\/p>\n<p>&nbsp;","protected":false},"excerpt":{"rendered":"<p>Jedes Jahr im Fr\u00fchjahr entledigen wir uns einiger Gebrauchtr\u00e4der auf dem Verleih. Alle in Ordnung aber mit einigen Kratzern. Dieses Jahr sind es besonder wenige. Also nicht zu lange warten. Ab \u20ac50 bis \u20ac550 (schickes Rennrad) Stadtr\u00e4der mit 7-Gang-Nabe: \u20ac190 Sportliche Hybrid-R\u00e4der: ab \u20ac220 &nbsp;<\/p>\n","protected":false},"author":1,"featured_media":307045,"comment_status":"closed","ping_status":"closed","sticky":false,"template":"","format":"aside","meta":{"inline_featured_image":false,"site-sidebar-layout":"default","site-content-layout":"","ast-site-content-layout":"default","site-content-style":"default","site-sidebar-style":"default","ast-global-header-display":"","ast-banner-title-visibility":"","ast-main-header-display":"","ast-hfb-above-header-display":"","ast-hfb-below-header-display":"","ast-hfb-mobile-header-display":"","site-post-title":"","ast-breadcrumbs-content":"","ast-featured-img":"","footer-sml-layout":"","ast-disable-related-posts":"","theme-transparent-header-meta":"","adv-header-id-meta":"","stick-header-meta":"","header-above-stick-meta":"","header-main-stick-meta":"","header-below-stick-meta":"","astra-migrate-meta-layouts":"default","ast-page-background-enabled":"default","ast-page-background-meta":{"desktop":{"background-color":"","background-image":"","background-repeat":"repeat","background-position":"center center","background-size":"auto","background-attachment":"scroll","background-type":"","background-media":"","overlay-type":"","overlay-color":"","overlay-opacity":"","overlay-gradient":""},"tablet":{"background-color":"","background-image":"","background-repeat":"repeat","background-position":"center center","background-size":"auto","background-attachment":"scroll","background-type":"","background-media":"","overlay-type":"","overlay-color":"","overlay-opacity":"","overlay-gradient":""},"mobile":{"background-color":"","background-image":"","background-repeat":"repeat","background-position":"center center","background-size":"auto","background-attachment":"scroll","background-type":"","background-media":"","overlay-type":"","overlay-color":"","overlay-opacity":"","overlay-gradient":""}},"ast-content-background-meta":{"desktop":{"background-color":"var(--ast-global-color-5)","background-image":"","background-repeat":"repeat","background-position":"center center","background-size":"auto","background-attachment":"scroll","background-type":"","background-media":"","overlay-type":"","overlay-color":"","overlay-opacity":"","overlay-gradient":""},"tablet":{"background-color":"var(--ast-global-color-5)","background-image":"","background-repeat":"repeat","background-position":"center center","background-size":"auto","background-attachment":"scroll","background-type":"","background-media":"","overlay-type":"","overlay-color":"","overlay-opacity":"","overlay-gradient":""},"mobile":{"background-color":"var(--ast-global-color-5)","background-image":"","background-repeat":"repeat","background-position":"center center","background-size":"auto","background-attachment":"scroll","background-type":"","background-media":"","overlay-type":"","overlay-color":"","overlay-opacity":"","overlay-gradient":""}},"footnotes":"","_links_to":"","_links_to_target":""},"categories":[5],"tags":[199,198,200],"class_list":["post-678311","post","type-post","status-publish","format-aside","has-post-thumbnail","hentry","category-news","tag-dviraciu-pardavimas","tag-naudoti-dviraciai","tag-used-bicycles","post_format-post-format-aside"],"featured_image_src":"https:\/\/velovilnius.lt\/wp-content\/uploads\/2014\/09\/2012-06-02-09.07.13-800x600.jpg","blog_images":{"medium":"https:\/\/velovilnius.lt\/wp-content\/uploads\/2014\/09\/2012-06-02-09.07.13-400x300.jpg","large":"https:\/\/velovilnius.lt\/wp-content\/uploads\/2014\/09\/2012-06-02-09.07.13-800x600.jpg"},"ams_acf":[],"pwapp_after_post_content":"","pwapp_before_post_content":"","androapp_header":"","pwapp_author":{"ID":1,"name":"admin","slug":"admin"},"pwapp_terms":{"category":[{"term_id":5,"name":"[:en]News[:de]Neuigkeiten[:lt]Naujienos[:]","slug":"news","term_group":0,"term_taxonomy_id":5,"taxonomy":"category","description":"Naujienos ir renginiai su dvira\u010diais \/ News on cycling and events","parent":0,"count":190,"filter":"raw","i18n_config":{"name":{"ts":{"en":"[:en]News[:de]Neuigkeiten[:lt]Naujienos[:]"}},"description":{"ts":{"lt":"","en":"Naujienos ir renginiai su dvira\u010diais \/ News on cycling and events","de":"Naujienos ir renginiai su dvira\u010diais \/ News on cycling and events"},"ml":"[:en]Naujienos ir renginiai su dvira\u010diais \/ News on cycling and events[:de]Naujienos ir renginiai su dvira\u010diais \/ News on cycling and events[:]"}},"cat_ID":5,"category_count":190,"category_description":"Naujienos ir renginiai su dvira\u010diais \/ News on cycling and events","cat_name":"[:en]News[:de]Neuigkeiten[:lt]Naujienos[:]","category_nicename":"news","category_parent":0,"ID":5}],"post_tag":[{"term_id":199,"name":"dvira\u010di\u0173 pardavimas","slug":"dviraciu-pardavimas","term_group":0,"term_taxonomy_id":199,"taxonomy":"post_tag","description":"","parent":0,"count":3,"filter":"raw","i18n_config":{"name":{"ts":{"en":"dvira\u010di\u0173 pardavimas"}}},"ID":199},{"term_id":198,"name":"naudoti dvira\u010diai","slug":"naudoti-dviraciai","term_group":0,"term_taxonomy_id":198,"taxonomy":"post_tag","description":"","parent":0,"count":3,"filter":"raw","i18n_config":{"name":{"ts":{"en":"naudoti dvira\u010diai"}}},"ID":198},{"term_id":200,"name":"used bicycles","slug":"used-bicycles","term_group":0,"term_taxonomy_id":200,"taxonomy":"post_tag","description":"","parent":0,"count":4,"filter":"raw","i18n_config":{"name":{"ts":{"en":"used bicycles"}}},"ID":200}]},"pwapp_feed_image_dimension_type":"preview","featuredimage":"https:\/\/velovilnius.lt\/wp-content\/uploads\/2014\/09\/2012-06-02-09.07.13-100x75.jpg","pwapp_post_image":"https:\/\/velovilnius.lt\/wp-content\/uploads\/2014\/09\/2012-06-02-09.07.13-100x75.jpg","share_image":"https:\/\/velovilnius.lt\/wp-content\/uploads\/2014\/09\/2012-06-02-09.07.13-100x75.jpg","featured_image_showhide":"show","featured_image":{"url":"https:\/\/velovilnius.lt\/wp-content\/uploads\/2014\/09\/2012-06-02-09.07.13-672x372.jpg"},"pwapp_excerpt":"<p>Jedes Jahr im Fr\u00fchjahr entledigen wir uns einiger Gebrauchtr\u00e4der auf dem Verleih. Alle in Ordnung aber mit einigen Kratzern. Dieses Jahr sind es besonder wenige. Also nicht zu lange warten. Ab \u20ac50 bis \u20ac550 (schickes Rennrad) Stadtr\u00e4der mit 7-Gang-Nabe: \u20ac190 Sportliche Hybrid-R\u00e4der: ab \u20ac220 &nbsp;<\/p>\n","pwapp_title":"Fahrr\u00e4derfr\u00fchjahrausverkauf!","androapp_image_list":[],"pwapp_post_content":"<style type=\"text\/css\">androapp img{\r\n    max-width: 100%;\r\n    height: auto;\r\n}\r\niframe{\r\n    max-width: 100%;    \r\n}\r\nfigure {\r\n    max-width: 100%;\r\n    height: auto;\r\n}\r\nimg{\r\n    max-width: 100% !important;\r\n    height: auto;\r\n}\r\ndiv {\r\n    max-width: 100% !important;\r\n}\r\nspan {\r\n    max-width:100%;\r\n    overflow: auto;\r\n}\r\naudio {\r\n    display:block;\r\n    visibility:visible !important;\r\n}\r\nvideo{\r\n    width:100%;\r\n    height:auto;\r\n}\r\n<\/style><div class='androapp'>Jedes Jahr im Fr\u00fchjahr entledigen wir uns einiger Gebrauchtr\u00e4der auf dem Verleih. Alle in Ordnung aber mit einigen Kratzern.<\/p>\n<p>Dieses Jahr sind es besonder wenige. Also nicht zu lange warten.<\/p>\n<p>Ab \u20ac50 bis \u20ac550 (schickes Rennrad)<\/p>\n<p>Stadtr\u00e4der mit 7-Gang-Nabe: \u20ac190<\/p>\n<p>Sportliche Hybrid-R\u00e4der: ab \u20ac220<\/p>\n<p>&nbsp;<\/div>","pwapp_post_content_type":"postprocessed2","pwapp_preview_type":"excerpt","androapp_failover_post_content_type":"","share_text":"Fahrr\u00e4derfr\u00fchjahrausverkauf!\nvia https:\/\/velovilnius.lt\/de\/blog\/the-big-bike-winter-sale-started\/","supercache":"androappsupercache","post_categories":[{"id":5,"count":190,"description":"Naujienos ir renginiai su dvira\u010diais \/ News on cycling and events","name":"[:en]News[:de]Neuigkeiten[:lt]Naujienos[:]","slug":"news","parent":0}],"post_tags":[{"id":199,"count":3,"description":"","name":"dvira\u010di\u0173 pardavimas","slug":"dviraciu-pardavimas","parent":0},{"id":198,"count":3,"description":"","name":"naudoti dvira\u010diai","slug":"naudoti-dviraciai","parent":0},{"id":200,"count":4,"description":"","name":"used bicycles","slug":"used-bicycles","parent":0}],"post_author":"admin","post_author_avatar_urls":{"24":"https:\/\/secure.gravatar.com\/avatar\/b9db3db7b44d07cc869eb13533e034682ef5df97109b6a95acc79a320c1d6404?s=24&d=mm&r=g","48":"https:\/\/secure.gravatar.com\/avatar\/b9db3db7b44d07cc869eb13533e034682ef5df97109b6a95acc79a320c1d6404?s=48&d=mm&r=g","96":"https:\/\/secure.gravatar.com\/avatar\/b9db3db7b44d07cc869eb13533e034682ef5df97109b6a95acc79a320c1d6404?s=96&d=mm&r=g"},"post_comment_count":0,"image":"https:\/\/velovilnius.lt\/wp-content\/uploads\/2014\/09\/2012-06-02-09.07.13-672x372.jpg","thumb":"https:\/\/velovilnius.lt\/wp-content\/uploads\/2014\/09\/2012-06-02-09.07.13-100x75.jpg","thumb_medium":"https:\/\/velovilnius.lt\/wp-content\/uploads\/2014\/09\/2012-06-02-09.07.13-400x300.jpg","images":{"medium_large":"https:\/\/velovilnius.lt\/wp-content\/uploads\/2014\/09\/2012-06-02-09.07.13-768x576.jpg","1536x1536":"https:\/\/velovilnius.lt\/wp-content\/uploads\/2014\/09\/2012-06-02-09.07.13.jpg","2048x2048":"https:\/\/velovilnius.lt\/wp-content\/uploads\/2014\/09\/2012-06-02-09.07.13.jpg","woocommerce_thumbnail":"https:\/\/velovilnius.lt\/wp-content\/uploads\/2014\/09\/2012-06-02-09.07.13-300x300.jpg","woocommerce_single":"https:\/\/velovilnius.lt\/wp-content\/uploads\/2014\/09\/2012-06-02-09.07.13.jpg","woocommerce_gallery_thumbnail":"https:\/\/velovilnius.lt\/wp-content\/uploads\/2014\/09\/2012-06-02-09.07.13-100x100.jpg"},"post_title":"[:lt]Pavasar\u012f pasveikiname ... su dvira\u010di\u0173 i\u0161pardavimu![:en]Let's start the season with a bike sale (from \u20ac50 to \u20ac550...)[:de]Fahrr\u00e4derfr\u00fchjahrausverkauf![:]","_links":{"self":[{"href":"https:\/\/velovilnius.lt\/de\/wp-json\/wp\/v2\/posts\/678311","targetHints":{"allow":["GET"]}}],"collection":[{"href":"https:\/\/velovilnius.lt\/de\/wp-json\/wp\/v2\/posts"}],"about":[{"href":"https:\/\/velovilnius.lt\/de\/wp-json\/wp\/v2\/types\/post"}],"author":[{"embeddable":true,"href":"https:\/\/velovilnius.lt\/de\/wp-json\/wp\/v2\/users\/1"}],"replies":[{"embeddable":true,"href":"https:\/\/velovilnius.lt\/de\/wp-json\/wp\/v2\/comments?post=678311"}],"version-history":[{"count":5,"href":"https:\/\/velovilnius.lt\/de\/wp-json\/wp\/v2\/posts\/678311\/revisions"}],"predecessor-version":[{"id":687316,"href":"https:\/\/velovilnius.lt\/de\/wp-json\/wp\/v2\/posts\/678311\/revisions\/687316"}],"wp:featuredmedia":[{"embeddable":true,"href":"https:\/\/velovilnius.lt\/de\/wp-json\/wp\/v2\/media\/307045"}],"wp:attachment":[{"href":"https:\/\/velovilnius.lt\/de\/wp-json\/wp\/v2\/media?parent=678311"}],"wp:term":[{"taxonomy":"category","embeddable":true,"href":"https:\/\/velovilnius.lt\/de\/wp-json\/wp\/v2\/categories?post=678311"},{"taxonomy":"post_tag","embeddable":true,"href":"https:\/\/velovilnius.lt\/de\/wp-json\/wp\/v2\/tags?post=678311"}],"curies":[{"name":"wp","href":"https:\/\/api.w.org\/{rel}","templated":true}]}}