{"id":4762,"date":"2012-01-12T10:25:19","date_gmt":"2012-01-12T10:25:19","guid":{"rendered":"http:\/\/velovilnius.lt\/?p=4762"},"modified":"2020-02-01T17:57:05","modified_gmt":"2020-02-01T15:57:05","slug":"nuomos-kainos-ir-salygos","status":"publish","type":"post","link":"https:\/\/velovilnius.lt\/de\/blog\/nuomos-kainos-ir-salygos\/","title":{"rendered":"Verleihpreise und -Bedingungen"},"content":{"rendered":"<h2><strong>Bedingungen<\/strong><\/h2>\n<p>F\u00fcr den Fahrradverleih m\u00fcssen Sie:<br \/>\na) ein Dokument vorlegen (Perso, Pass u.\u00e4.)<br \/>\nb) einen kleinen Vertrag unterschreiben<br \/>\nc) 70\u20ac Pfand pro Fahrrad hinterlegen (Bar oder Kreditkarte)<\/p>\n<p><span style=\"text-decoration: underline;\"><strong>Die Regeln:<\/strong><\/span><\/p>\n<ul>\n<li><strong>Basisgeb\u00fchr ist die erste<\/strong> Stunde,<\/li>\n<li>jede <strong>folgende Stunde<\/strong>: + \u20ac1 pro Fahrrad (Stadtrad oder Premium), +\u20ac2 pro Ebike\/Pedelec<\/li>\n<li>Maximalgeb\u00fchr pro Tag:(von Morgens bis Abends, w\u00e4hrend unserer Arbeitszeiten) \u20ac10 City, \u20ac15 Premium, \u20ac30 EBike<\/li>\n<li>Maximalgeb\u00fchr f\u00fcr 24 Stunden: \u20ac15 City, \u20ac18 Premium, \u20ac35 EBike<\/li>\n<\/ul>\n<p>&nbsp;<\/p>\n<h3>Geb\u00fchren f\u00fcr Stadtr\u00e4der<\/h3>\n<table width=\"636\" cellspacing=\"0\" cellpadding=\"2\">\n<colgroup>\n<col width=\"207\" \/>\n<col width=\"146\" \/>\n<col width=\"42\" \/>\n<col width=\"42\" \/>\n<col width=\"42\" \/>\n<col width=\"42\" \/>\n<col width=\"42\" \/>\n<col width=\"42\" \/><\/colgroup>\n<tbody>\n<tr valign=\"BOTTOM\">\n<td width=\"207\" height=\"3\">\n<p align=\"LEFT\"><strong>Anzahl Stunden<\/strong><\/p>\n<\/td>\n<td width=\"146\">\n<p align=\"LEFT\"><strong>1<\/strong><\/p>\n<\/td>\n<td width=\"42\">\n<p align=\"LEFT\"><strong>2<\/strong><\/p>\n<\/td>\n<td width=\"42\">\n<p align=\"LEFT\"><strong>3<\/strong><\/p>\n<\/td>\n<td width=\"42\">\n<p align=\"LEFT\"><strong>4<\/strong><\/p>\n<\/td>\n<td width=\"42\">\n<p align=\"LEFT\"><strong>5<\/strong><\/p>\n<\/td>\n<td width=\"42\">\n<p align=\"LEFT\"><strong>6+<\/strong><\/p>\n<\/td>\n<td width=\"42\">\n<p align=\"LEFT\"><strong>24<\/strong><\/p>\n<\/td>\n<\/tr>\n<tr valign=\"BOTTOM\">\n<td width=\"207\">\n<p align=\"LEFT\">Kosten in EURO<\/p>\n<\/td>\n<td width=\"146\">\n<p align=\"LEFT\">5<\/p>\n<\/td>\n<td width=\"42\">\n<p align=\"LEFT\">6<\/p>\n<\/td>\n<td width=\"42\">\n<p align=\"LEFT\">7<\/p>\n<\/td>\n<td width=\"42\">\n<p align=\"LEFT\">8<\/p>\n<\/td>\n<td width=\"42\">\n<p align=\"LEFT\">9<\/p>\n<\/td>\n<td width=\"42\">\n<p align=\"LEFT\">10<\/p>\n<\/td>\n<td width=\"42\">\n<p align=\"LEFT\">12<\/p>\n<\/td>\n<\/tr>\n<\/tbody>\n<\/table>\n<ul style=\"font-size: 13px;\">\n<li><strong><span style=\"color: #ff0000;\">Nachttarif &#8222;The night ride&#8220;<\/span> \u2013 10\u20ac<\/strong>\u00a0Fahrradverleih von 18 Uhr abends bis 11 Uhr morgens am folgenden Tag f\u00fcr den Preise von 4 Stunden<\/li>\n<\/ul>\n<h2><strong>Verleihpreise 2020<\/strong><\/h2>\n<h3><span style=\"text-decoration: underline;\"><strong>Preise pro Tag<\/strong><\/span><\/h3>\n<table>\n<tbody>\n<tr>\n<td><strong>Kategorie<\/strong><\/td>\n<td><strong>City<\/strong><\/td>\n<td><strong>Premium<\/strong><\/td>\n<td><strong>Electric<\/strong><\/td>\n<\/tr>\n<tr>\n<td>Tag<br \/>\n(von 10 Uhr morgens<br \/>\nbis 20 Uhr Abends)<\/td>\n<td>10\u20ac<\/td>\n<td>15\u20ac<\/td>\n<td>30\u20ac<\/td>\n<\/tr>\n<tr>\n<td>24 Stunden<\/td>\n<td>15\u20ac<\/td>\n<td>18\u20ac<\/td>\n<td>35\u20ac<\/td>\n<\/tr>\n<tr>\n<td>Anmerkungen<\/td>\n<td>5, 7 oder 21 G\u00e4nge<\/td>\n<td>MTB, Touring\/hybrid,<br \/>\nGravel, 24,27, 30 G\u00e4nge<\/td>\n<td>Bosch Mittelmotor,<br \/>\n7 G\u00e4nge<\/td>\n<\/tr>\n<\/tbody>\n<\/table>\n<h2><\/h2>\n<h3><span style=\"text-decoration: underline;\"><strong>Preise pro Stunde\u00a0<\/strong><\/span><\/h3>\n<table>\n<tbody>\n<tr>\n<td><span style=\"text-decoration: underline;\"><strong>Kategorie<\/strong><\/span><\/td>\n<td><span style=\"text-decoration: underline;\"><strong>City<\/strong><\/span><\/td>\n<td><span style=\"text-decoration: underline;\"><strong>Premium<\/strong><\/span><\/td>\n<td><span style=\"text-decoration: underline;\"><strong>Electric<\/strong><\/span><\/td>\n<\/tr>\n<tr>\n<td>6 und mehr<\/td>\n<td>10\u20ac<\/td>\n<td>15\u20ac<\/td>\n<td>30\u20ac<\/td>\n<\/tr>\n<tr>\n<td>5 Stunden<\/td>\n<td>9 \u20ac<\/td>\n<td>12<\/td>\n<td>24<\/td>\n<\/tr>\n<tr>\n<td>4 Stunden<\/td>\n<td>8 \u20ac<\/td>\n<td>11<\/td>\n<td>22<\/td>\n<\/tr>\n<tr>\n<td>3 Stunden<\/td>\n<td>7 \u20ac<\/td>\n<td>10<\/td>\n<td>20<\/td>\n<\/tr>\n<tr>\n<td>2 Stunden<\/td>\n<td>6 \u20ac<\/td>\n<td>9<\/td>\n<td>14<\/td>\n<\/tr>\n<tr>\n<td>1 Stunde<\/td>\n<td>5 \u20ac<\/td>\n<td>8<\/td>\n<td>10<\/td>\n<\/tr>\n<tr>\n<td>Anmerkungen<\/td>\n<td>5, 7 oder 21 G\u00e4nge<\/td>\n<td>MTB, Touring\/hybrid,<br \/>\nGravel, 24,27, 30 G\u00e4nge<\/td>\n<td>Bosch Mittelmotor,<br \/>\n7 G\u00e4nge<\/td>\n<\/tr>\n<\/tbody>\n<\/table>\n<p>&nbsp;<\/p>\n<p><strong>Internationaler Langstreckenverleih <\/strong><br \/>\n(Vilnius-Klaipeda-Riga-Tallinn)<br \/>\nhier: <a href=\"http:\/\/balticcycle.eu\/rent\" target=\"_blank\" rel=\"noopener\">http:\/\/balticcycle.eu\/rent<\/a><\/p>\n<p><em> <\/em><\/p>\n<div id='gallery-2' class='gallery galleryid-4762 gallery-columns-3 gallery-size-thumbnail'><figure class='gallery-item'>\n\t\t\t<div class='gallery-icon landscape'>\n\t\t\t\t<a href=\"https:\/\/velovilnius.lt\/de\/blog\/new-rental-bikes-in-2016\/img_20160403_181537\/\"><img loading=\"lazy\" decoding=\"async\" width=\"96\" height=\"96\" src=\"https:\/\/velovilnius.lt\/wp-content\/uploads\/2016\/03\/IMG_20160403_181537-100x100.jpg\" class=\"attachment-thumbnail size-thumbnail\" alt=\"\" aria-describedby=\"gallery-2-673453\" \/><\/a>\n\t\t\t<\/div>\n\t\t\t\t<figcaption class='wp-caption-text gallery-caption' id='gallery-2-673453'>\n\t\t\t\tMerida Crossway\n\t\t\t\t<\/figcaption><\/figure><figure class='gallery-item'>\n\t\t\t<div class='gallery-icon landscape'>\n\t\t\t\t<a href=\"https:\/\/velovilnius.lt\/de\/blog\/new-rental-bikes-in-2016\/img_20160403_181915\/\"><img loading=\"lazy\" decoding=\"async\" width=\"96\" height=\"96\" src=\"https:\/\/velovilnius.lt\/wp-content\/uploads\/2016\/03\/IMG_20160403_181915-100x100.jpg\" class=\"attachment-thumbnail size-thumbnail\" alt=\"PREMIUM touring bicycle\" aria-describedby=\"gallery-2-673455\" \/><\/a>\n\t\t\t<\/div>\n\t\t\t\t<figcaption class='wp-caption-text gallery-caption' id='gallery-2-673455'>\n\t\t\t\tPREMIUM touring bicycle\n\t\t\t\t<\/figcaption><\/figure><figure class='gallery-item'>\n\t\t\t<div class='gallery-icon landscape'>\n\t\t\t\t<a href=\"https:\/\/velovilnius.lt\/de\/dviratis-nuomai1-1024x768\/\"><img loading=\"lazy\" decoding=\"async\" width=\"100\" height=\"75\" src=\"https:\/\/velovilnius.lt\/wp-content\/uploads\/2015\/05\/Dviratis-nuomai1-1024x768-100x75.jpg\" class=\"attachment-thumbnail size-thumbnail\" alt=\"\" aria-describedby=\"gallery-2-561316\" srcset=\"https:\/\/velovilnius.lt\/wp-content\/uploads\/2015\/05\/Dviratis-nuomai1-1024x768-100x75.jpg 100w, https:\/\/velovilnius.lt\/wp-content\/uploads\/2015\/05\/Dviratis-nuomai1-1024x768-400x300.jpg 400w, https:\/\/velovilnius.lt\/wp-content\/uploads\/2015\/05\/Dviratis-nuomai1-1024x768-800x600.jpg 800w, https:\/\/velovilnius.lt\/wp-content\/uploads\/2015\/05\/Dviratis-nuomai1-1024x768-768x576.jpg 768w, https:\/\/velovilnius.lt\/wp-content\/uploads\/2015\/05\/Dviratis-nuomai1-1024x768-1000x750.jpg 1000w, https:\/\/velovilnius.lt\/wp-content\/uploads\/2015\/05\/Dviratis-nuomai1-1024x768-20x15.jpg 20w, https:\/\/velovilnius.lt\/wp-content\/uploads\/2015\/05\/Dviratis-nuomai1-1024x768-512x384.jpg 512w, https:\/\/velovilnius.lt\/wp-content\/uploads\/2015\/05\/Dviratis-nuomai1-1024x768.jpg 1024w\" sizes=\"auto, (max-width: 100px) 100vw, 100px\" \/><\/a>\n\t\t\t<\/div>\n\t\t\t\t<figcaption class='wp-caption-text gallery-caption' id='gallery-2-561316'>\n\t\t\t\tCity bike\n\t\t\t\t<\/figcaption><\/figure><figure class='gallery-item'>\n\t\t\t<div class='gallery-icon landscape'>\n\t\t\t\t<a href=\"https:\/\/velovilnius.lt\/de\/blog\/kalnu-dviraciai\/29raudonas\/\"><img loading=\"lazy\" decoding=\"async\" width=\"100\" height=\"63\" src=\"https:\/\/velovilnius.lt\/wp-content\/uploads\/2016\/03\/29raudonas-100x63.png\" class=\"attachment-thumbnail size-thumbnail\" alt=\"\" aria-describedby=\"gallery-2-672992\" srcset=\"https:\/\/velovilnius.lt\/wp-content\/uploads\/2016\/03\/29raudonas-100x63.png 100w, https:\/\/velovilnius.lt\/wp-content\/uploads\/2016\/03\/29raudonas-400x253.png 400w, https:\/\/velovilnius.lt\/wp-content\/uploads\/2016\/03\/29raudonas-20x13.png 20w, https:\/\/velovilnius.lt\/wp-content\/uploads\/2016\/03\/29raudonas-512x324.png 512w, https:\/\/velovilnius.lt\/wp-content\/uploads\/2016\/03\/29raudonas.png 595w\" sizes=\"auto, (max-width: 100px) 100vw, 100px\" \/><\/a>\n\t\t\t<\/div>\n\t\t\t\t<figcaption class='wp-caption-text gallery-caption' id='gallery-2-672992'>\n\t\t\t\tMTB 29&#8243;\n\t\t\t\t<\/figcaption><\/figure><figure class='gallery-item'>\n\t\t\t<div class='gallery-icon landscape'>\n\t\t\t\t<a href=\"https:\/\/velovilnius.lt\/de\/blog\/kalnu-dviraciai\/29juodas\/\"><img loading=\"lazy\" decoding=\"async\" width=\"100\" height=\"62\" src=\"https:\/\/velovilnius.lt\/wp-content\/uploads\/2016\/03\/29juodas-100x62.png\" class=\"attachment-thumbnail size-thumbnail\" alt=\"\" aria-describedby=\"gallery-2-672991\" srcset=\"https:\/\/velovilnius.lt\/wp-content\/uploads\/2016\/03\/29juodas-100x62.png 100w, https:\/\/velovilnius.lt\/wp-content\/uploads\/2016\/03\/29juodas-400x248.png 400w, https:\/\/velovilnius.lt\/wp-content\/uploads\/2016\/03\/29juodas-20x12.png 20w, https:\/\/velovilnius.lt\/wp-content\/uploads\/2016\/03\/29juodas-512x318.png 512w, https:\/\/velovilnius.lt\/wp-content\/uploads\/2016\/03\/29juodas.png 670w\" sizes=\"auto, (max-width: 100px) 100vw, 100px\" \/><\/a>\n\t\t\t<\/div>\n\t\t\t\t<figcaption class='wp-caption-text gallery-caption' id='gallery-2-672991'>\n\t\t\t\tMTB 29&#8243; \n\t\t\t\t<\/figcaption><\/figure>\n\t\t<\/div>\n\n<ul>\n<li>Wir reservieren die R\u00e4der f\u00fcr <strong>eine Stunde <\/strong>nach dem gew\u00fcnschten Termin, danach haben wir das Recht, sie weiter zu vermieten;<\/li>\n<li>Unser Adresss: <span style=\"color: #ff0000;\"><strong>Pylimo Str. 31, Vilnius<\/strong><\/span> (bei der Synagoge), see <a href=\"http:\/\/velovilnius.lt\/en\/blog\/kur-musu-rasite\/\">http:\/\/velovilnius.lt\/de\/blog\/kur-musu-rasite\/<\/a>.Fahrradtransport bitte separat ausmachen (Tel. +370 674 12123)<\/li>\n<\/ul>\n<p><em>zu Rabatten siehe unten<\/em><br \/>\n<strong>KOSTENLOS gibt&#8217;s (zusammen mit dem Fahrradverleih):<\/strong><\/p>\n<ul>\n<li>Kindersitz mit Fahrradhelm(seperat 3 \u20ac\u00a0\/ 24 Std.)<\/li>\n<li>Fahrradhelm (seperat 3\u20ac\u00a0\/ 24 Std.)<\/li>\n<li>Fahrradschloss<\/li>\n<\/ul>\n<h3>Rabatte \/ Discounts<\/h3>\n<p style=\"font-size: 13px;\">10% :<br \/>\nab 2 Tage;<br \/>\nab 4 Personen;<br \/>\nStudenten und Lehrer mit ISIC<\/p>\n<p style=\"font-size: 13px;\">20%<br \/>\nab 4 Tage;<br \/>\nab 8 Personen;<\/p>\n[\/expand]\n<h3>Fahrradtransport<\/h3>\n<p>&nbsp;<\/p>\n<p style=\"font-size: 13px;\"><strong>Fahrradtransport (Anlieferung \/ Abholung) (Fahrrad):<\/strong><\/p>\n<ul style=\"font-size: 13px;\">\n<li>in Vilnius Altstadt: 5\u20ac f\u00fcr 2, au\u00dferhalb des Zentrums: 10\u20ac<\/li>\n<li>allgemeine Regel f\u00fcr den Transport: 90ct\/km<\/li>\n<\/ul>\n<ul style=\"font-size: 13px;\">\n<li><span style=\"line-height: 1.6em;\">Transport von bis zu 22 Fahrr\u00e4derns nach Trakai oder Kernave (Neris Regional Park) &#8211; 100\u20ac<\/span><\/li>\n<\/ul>\n<ul style=\"font-size: 13px;\">\n<li>Kindersitz mit Fahrradhelm (vorgeschrieben nach litauischer StVO), max. 25 kg SEPARAT \u2013 3\u20ac(24 h)<\/li>\n<li>Fahrradhelm SEPARAT \u2013 3 \u20ac (24h) (bei Fahrradverleih \u2013 kostenlos inklusive)<\/li>\n<li>Fahrrahalter (f\u00fcr den Transport von max. drei Fahrr\u00e4dern auf dem Heck eines Autos) \u2013 15 Lt (24h)<\/li>\n<li>Wasserdichte Lenkertasche (6L) \u2013 2\u20ac\u00a0(24h)<\/li>\n<li>Ein paar wasserdichte Packtaschen \u201eOrtlieb\u201c \u2013 3\u20ac\u00a0(24h)<\/li>\n<li>GPS Empf\u00e4nger GARMIN Etrex \u2013 5\u20ac\u00a0(24h) \u2013 mit auf Wunsch einprogrammierten Fahrradrouten<\/li>\n<li>Fahrrad-r\u00fcckgabe oder -ausgabe au\u00dferhalb der \u00d6ffnungszeiten (pro Fahrrrad) \u2013 5\u20ac<\/li>\n<\/ul>\n<p>&nbsp;<\/p>\n<h2 style=\"font-weight: bold; line-height: normal; padding: 20px 20px 0px; font-family: LiberationSerifRegular, Arial, Tahoma, 'Century gothic', sans-serif; font-size: 14px;\"><span style=\"border: 0px; font-style: inherit; font-weight: inherit; margin: 0px; padding: 0px; vertical-align: baseline;\">Spezialpreise:<\/span><\/h2>\n<ul style=\"padding-right: 0px; padding-left: 0px; font-size: 13px; border: 0px; margin: 0.4em 0px 1em; vertical-align: baseline; line-height: 17.77777862548828px; font-family: 'Century gothic', sans-serif;\">\n<li style=\"border: 0px; font-style: inherit; margin: 0px 0px 0px 1.6em; padding: 0px; vertical-align: baseline;\">* Fahrradausgabe und -annahme au\u00dferhalb der Arbeitzeiten : + 5\u20ac,<\/li>\n<li style=\"border: 0px; font-style: inherit; margin: 0px 0px 0px 1.6em; padding: 0px; vertical-align: baseline;\">* Nachtgeb\u00fchr\u2013 10\u20ac Fahrradverleih von 18.00 Uhr bis 10.00 Uhr am n\u00e4chsten Morgen \u2013 f\u00fcr den Preis von 4 Stunden.<\/li>\n<\/ul>\n<p>&nbsp;","protected":false},"excerpt":{"rendered":"<p>Bedingungen F\u00fcr den Fahrradverleih m\u00fcssen Sie: a) ein Dokument vorlegen (Perso, Pass u.\u00e4.) b) einen kleinen Vertrag unterschreiben c) 70\u20ac Pfand pro Fahrrad hinterlegen (Bar oder Kreditkarte) Die Regeln: Basisgeb\u00fchr ist die erste Stunde, jede folgende Stunde: + \u20ac1 pro Fahrrad (Stadtrad oder Premium), +\u20ac2 pro Ebike\/Pedelec Maximalgeb\u00fchr pro Tag:(von Morgens bis Abends, w\u00e4hrend unserer [&hellip;]<\/p>\n","protected":false},"author":1,"featured_media":2844,"comment_status":"closed","ping_status":"closed","sticky":false,"template":"","format":"standard","meta":{"inline_featured_image":false,"site-sidebar-layout":"default","site-content-layout":"default","ast-site-content-layout":"default","site-content-style":"default","site-sidebar-style":"default","ast-global-header-display":"","ast-banner-title-visibility":"","ast-main-header-display":"","ast-hfb-above-header-display":"","ast-hfb-below-header-display":"","ast-hfb-mobile-header-display":"","site-post-title":"","ast-breadcrumbs-content":"","ast-featured-img":"","footer-sml-layout":"","ast-disable-related-posts":"","theme-transparent-header-meta":"default","adv-header-id-meta":"","stick-header-meta":"","header-above-stick-meta":"","header-main-stick-meta":"","header-below-stick-meta":"","astra-migrate-meta-layouts":"default","ast-page-background-enabled":"default","ast-page-background-meta":{"desktop":{"background-color":"","background-image":"","background-repeat":"repeat","background-position":"center center","background-size":"auto","background-attachment":"scroll","background-type":"","background-media":"","overlay-type":"","overlay-color":"","overlay-opacity":"","overlay-gradient":""},"tablet":{"background-color":"","background-image":"","background-repeat":"repeat","background-position":"center center","background-size":"auto","background-attachment":"scroll","background-type":"","background-media":"","overlay-type":"","overlay-color":"","overlay-opacity":"","overlay-gradient":""},"mobile":{"background-color":"","background-image":"","background-repeat":"repeat","background-position":"center center","background-size":"auto","background-attachment":"scroll","background-type":"","background-media":"","overlay-type":"","overlay-color":"","overlay-opacity":"","overlay-gradient":""}},"ast-content-background-meta":{"desktop":{"background-color":"var(--ast-global-color-5)","background-image":"","background-repeat":"repeat","background-position":"center center","background-size":"auto","background-attachment":"scroll","background-type":"","background-media":"","overlay-type":"","overlay-color":"","overlay-opacity":"","overlay-gradient":""},"tablet":{"background-color":"var(--ast-global-color-5)","background-image":"","background-repeat":"repeat","background-position":"center center","background-size":"auto","background-attachment":"scroll","background-type":"","background-media":"","overlay-type":"","overlay-color":"","overlay-opacity":"","overlay-gradient":""},"mobile":{"background-color":"var(--ast-global-color-5)","background-image":"","background-repeat":"repeat","background-position":"center center","background-size":"auto","background-attachment":"scroll","background-type":"","background-media":"","overlay-type":"","overlay-color":"","overlay-opacity":"","overlay-gradient":""}},"footnotes":"","_links_to":"","_links_to_target":""},"categories":[21],"tags":[],"class_list":["post-4762","post","type-post","status-publish","format-standard","has-post-thumbnail","hentry","category-nuoma"],"featured_image_src":"https:\/\/velovilnius.lt\/wp-content\/uploads\/2011\/09\/rent-a-bike1.png","blog_images":{"medium":"https:\/\/velovilnius.lt\/wp-content\/uploads\/2011\/09\/rent-a-bike1.png","large":"https:\/\/velovilnius.lt\/wp-content\/uploads\/2011\/09\/rent-a-bike1.png"},"ams_acf":[],"pwapp_after_post_content":"","pwapp_before_post_content":"","androapp_header":"","pwapp_author":{"ID":1,"name":"admin","slug":"admin"},"pwapp_terms":{"category":[{"term_id":21,"name":"rent-a-bike in Vilnius, Lithuania","slug":"nuoma","term_group":0,"term_taxonomy_id":21,"taxonomy":"category","description":"dvira\u010di\u0173 nuoma ir ne tik \/ rent-a-bike and more \/ Fahrradverleih und mehr","parent":6,"count":11,"filter":"raw","i18n_config":{"name":{"ts":{"en":"rent-a-bike in Vilnius, Lithuania"}},"description":{"ts":{"lt":"","en":"","de":"dvira\u010di\u0173 nuoma ir ne tik \/ rent-a-bike and more \/ Fahrradverleih und mehr"},"ml":"[:de]dvira\u010di\u0173 nuoma ir ne tik \/ rent-a-bike and more \/ Fahrradverleih und mehr[:]"}},"cat_ID":21,"category_count":11,"category_description":"dvira\u010di\u0173 nuoma ir ne tik \/ rent-a-bike and more \/ Fahrradverleih und mehr","cat_name":"rent-a-bike in Vilnius, Lithuania","category_nicename":"nuoma","category_parent":6,"ID":21}]},"pwapp_feed_image_dimension_type":"preview","featuredimage":"https:\/\/velovilnius.lt\/wp-content\/uploads\/2011\/09\/rent-a-bike1.png","pwapp_post_image":"https:\/\/velovilnius.lt\/wp-content\/uploads\/2011\/09\/rent-a-bike1.png","share_image":"https:\/\/velovilnius.lt\/wp-content\/uploads\/2011\/09\/rent-a-bike1.png","featured_image_showhide":"show","featured_image":{"url":"https:\/\/velovilnius.lt\/wp-content\/uploads\/2011\/09\/rent-a-bike1-92x92.png"},"pwapp_excerpt":"<p>Bedingungen F\u00fcr den Fahrradverleih m\u00fcssen Sie: a) ein Dokument vorlegen (Perso, Pass u.\u00e4.) b) einen kleinen Vertrag unterschreiben c) 70\u20ac Pfand pro Fahrrad hinterlegen (Bar oder Kreditkarte) Die Regeln: Basisgeb\u00fchr ist die erste Stunde, jede folgende Stunde: + \u20ac1 pro Fahrrad (Stadtrad oder Premium), +\u20ac2 pro Ebike\/Pedelec Maximalgeb\u00fchr pro Tag:(von Morgens bis Abends, w\u00e4hrend unserer [&hellip;]<\/p>\n","pwapp_title":"Verleihpreise und -Bedingungen","androapp_image_list":[{"src":"https:\/\/velovilnius.lt\/wp-content\/uploads\/2016\/03\/IMG_20160403_181537-100x100.jpg","height":200},{"src":"https:\/\/velovilnius.lt\/wp-content\/uploads\/2016\/03\/IMG_20160403_181915-100x100.jpg","height":200},{"src":"https:\/\/velovilnius.lt\/wp-content\/uploads\/2015\/05\/Dviratis-nuomai1-1024x768-100x75.jpg","height":200},{"src":"https:\/\/velovilnius.lt\/wp-content\/uploads\/2016\/03\/29raudonas-100x63.png","height":200},{"src":"https:\/\/velovilnius.lt\/wp-content\/uploads\/2016\/03\/29juodas-100x62.png","height":200}],"pwapp_post_content":"<style type=\"text\/css\">androapp img{\r\n    max-width: 100%;\r\n    height: auto;\r\n}\r\niframe{\r\n    max-width: 100%;    \r\n}\r\nfigure {\r\n    max-width: 100%;\r\n    height: auto;\r\n}\r\nimg{\r\n    max-width: 100% !important;\r\n    height: auto;\r\n}\r\ndiv {\r\n    max-width: 100% !important;\r\n}\r\nspan {\r\n    max-width:100%;\r\n    overflow: auto;\r\n}\r\naudio {\r\n    display:block;\r\n    visibility:visible !important;\r\n}\r\nvideo{\r\n    width:100%;\r\n    height:auto;\r\n}\r\n<\/style><div class='androapp'><h2><strong>Bedingungen<\/strong><\/h2>\n<p>F\u00fcr den Fahrradverleih m\u00fcssen Sie:<br \/>\na) ein Dokument vorlegen (Perso, Pass u.\u00e4.)<br \/>\nb) einen kleinen Vertrag unterschreiben<br \/>\nc) 70\u20ac Pfand pro Fahrrad hinterlegen (Bar oder Kreditkarte)<\/p>\n<p><span style=\"text-decoration: underline;\"><strong>Die Regeln:<\/strong><\/span><\/p>\n<ul>\n<li><strong>Basisgeb\u00fchr ist die erste<\/strong> Stunde,<\/li>\n<li>jede <strong>folgende Stunde<\/strong>: + \u20ac1 pro Fahrrad (Stadtrad oder Premium), +\u20ac2 pro Ebike\/Pedelec<\/li>\n<li>Maximalgeb\u00fchr pro Tag:(von Morgens bis Abends, w\u00e4hrend unserer Arbeitszeiten) \u20ac10 City, \u20ac15 Premium, \u20ac30 EBike<\/li>\n<li>Maximalgeb\u00fchr f\u00fcr 24 Stunden: \u20ac15 City, \u20ac18 Premium, \u20ac35 EBike<\/li>\n<\/ul>\n<p>&nbsp;<\/p>\n<h3>Geb\u00fchren f\u00fcr Stadtr\u00e4der<\/h3>\n<table width=\"636\" cellspacing=\"0\" cellpadding=\"2\">\n<colgroup>\n<col width=\"207\" \/>\n<col width=\"146\" \/>\n<col width=\"42\" \/>\n<col width=\"42\" \/>\n<col width=\"42\" \/>\n<col width=\"42\" \/>\n<col width=\"42\" \/>\n<col width=\"42\" \/><\/colgroup>\n<tbody>\n<tr valign=\"BOTTOM\">\n<td width=\"207\" height=\"3\">\n<p align=\"LEFT\"><strong>Anzahl Stunden<\/strong><\/p>\n<\/td>\n<td width=\"146\">\n<p align=\"LEFT\"><strong>1<\/strong><\/p>\n<\/td>\n<td width=\"42\">\n<p align=\"LEFT\"><strong>2<\/strong><\/p>\n<\/td>\n<td width=\"42\">\n<p align=\"LEFT\"><strong>3<\/strong><\/p>\n<\/td>\n<td width=\"42\">\n<p align=\"LEFT\"><strong>4<\/strong><\/p>\n<\/td>\n<td width=\"42\">\n<p align=\"LEFT\"><strong>5<\/strong><\/p>\n<\/td>\n<td width=\"42\">\n<p align=\"LEFT\"><strong>6+<\/strong><\/p>\n<\/td>\n<td width=\"42\">\n<p align=\"LEFT\"><strong>24<\/strong><\/p>\n<\/td>\n<\/tr>\n<tr valign=\"BOTTOM\">\n<td width=\"207\">\n<p align=\"LEFT\">Kosten in EURO<\/p>\n<\/td>\n<td width=\"146\">\n<p align=\"LEFT\">5<\/p>\n<\/td>\n<td width=\"42\">\n<p align=\"LEFT\">6<\/p>\n<\/td>\n<td width=\"42\">\n<p align=\"LEFT\">7<\/p>\n<\/td>\n<td width=\"42\">\n<p align=\"LEFT\">8<\/p>\n<\/td>\n<td width=\"42\">\n<p align=\"LEFT\">9<\/p>\n<\/td>\n<td width=\"42\">\n<p align=\"LEFT\">10<\/p>\n<\/td>\n<td width=\"42\">\n<p align=\"LEFT\">12<\/p>\n<\/td>\n<\/tr>\n<\/tbody>\n<\/table>\n<ul style=\"font-size: 13px;\">\n<li><strong><span style=\"color: #ff0000;\">Nachttarif &#8222;The night ride&#8220;<\/span> \u2013 10\u20ac<\/strong>\u00a0Fahrradverleih von 18 Uhr abends bis 11 Uhr morgens am folgenden Tag f\u00fcr den Preise von 4 Stunden<\/li>\n<\/ul>\n<h2><strong>Verleihpreise 2020<\/strong><\/h2>\n<h3><span style=\"text-decoration: underline;\"><strong>Preise pro Tag<\/strong><\/span><\/h3>\n<table>\n<tbody>\n<tr>\n<td><strong>Kategorie<\/strong><\/td>\n<td><strong>City<\/strong><\/td>\n<td><strong>Premium<\/strong><\/td>\n<td><strong>Electric<\/strong><\/td>\n<\/tr>\n<tr>\n<td>Tag<br \/>\n(von 10 Uhr morgens<br \/>\nbis 20 Uhr Abends)<\/td>\n<td>10\u20ac<\/td>\n<td>15\u20ac<\/td>\n<td>30\u20ac<\/td>\n<\/tr>\n<tr>\n<td>24 Stunden<\/td>\n<td>15\u20ac<\/td>\n<td>18\u20ac<\/td>\n<td>35\u20ac<\/td>\n<\/tr>\n<tr>\n<td>Anmerkungen<\/td>\n<td>5, 7 oder 21 G\u00e4nge<\/td>\n<td>MTB, Touring\/hybrid,<br \/>\nGravel, 24,27, 30 G\u00e4nge<\/td>\n<td>Bosch Mittelmotor,<br \/>\n7 G\u00e4nge<\/td>\n<\/tr>\n<\/tbody>\n<\/table>\n<h2><\/h2>\n<h3><span style=\"text-decoration: underline;\"><strong>Preise pro Stunde\u00a0<\/strong><\/span><\/h3>\n<table>\n<tbody>\n<tr>\n<td><span style=\"text-decoration: underline;\"><strong>Kategorie<\/strong><\/span><\/td>\n<td><span style=\"text-decoration: underline;\"><strong>City<\/strong><\/span><\/td>\n<td><span style=\"text-decoration: underline;\"><strong>Premium<\/strong><\/span><\/td>\n<td><span style=\"text-decoration: underline;\"><strong>Electric<\/strong><\/span><\/td>\n<\/tr>\n<tr>\n<td>6 und mehr<\/td>\n<td>10\u20ac<\/td>\n<td>15\u20ac<\/td>\n<td>30\u20ac<\/td>\n<\/tr>\n<tr>\n<td>5 Stunden<\/td>\n<td>9 \u20ac<\/td>\n<td>12<\/td>\n<td>24<\/td>\n<\/tr>\n<tr>\n<td>4 Stunden<\/td>\n<td>8 \u20ac<\/td>\n<td>11<\/td>\n<td>22<\/td>\n<\/tr>\n<tr>\n<td>3 Stunden<\/td>\n<td>7 \u20ac<\/td>\n<td>10<\/td>\n<td>20<\/td>\n<\/tr>\n<tr>\n<td>2 Stunden<\/td>\n<td>6 \u20ac<\/td>\n<td>9<\/td>\n<td>14<\/td>\n<\/tr>\n<tr>\n<td>1 Stunde<\/td>\n<td>5 \u20ac<\/td>\n<td>8<\/td>\n<td>10<\/td>\n<\/tr>\n<tr>\n<td>Anmerkungen<\/td>\n<td>5, 7 oder 21 G\u00e4nge<\/td>\n<td>MTB, Touring\/hybrid,<br \/>\nGravel, 24,27, 30 G\u00e4nge<\/td>\n<td>Bosch Mittelmotor,<br \/>\n7 G\u00e4nge<\/td>\n<\/tr>\n<\/tbody>\n<\/table>\n<p>&nbsp;<\/p>\n<p><strong>Internationaler Langstreckenverleih <\/strong><br \/>\n(Vilnius-Klaipeda-Riga-Tallinn)<br \/>\nhier: <a href=\"http:\/\/balticcycle.eu\/rent\" target=\"_blank\" rel=\"noopener\">http:\/\/balticcycle.eu\/rent<\/a><\/p>\n<p><em> <\/em><\/p>\n<div id='gallery-2' class='gallery galleryid-4762 gallery-columns-3 gallery-size-thumbnail'><figure class='gallery-item'>\n\t\t\t<div class='gallery-icon landscape'>\n\t\t\t\t<a href=\"https:\/\/velovilnius.lt\/de\/blog\/new-rental-bikes-in-2016\/img_20160403_181537\/\"><img loading=\"lazy\" decoding=\"async\" width=\"96\" height=\"96\" src=\"https:\/\/velovilnius.lt\/wp-content\/uploads\/2016\/03\/IMG_20160403_181537-100x100.jpg\" class=\"attachment-thumbnail size-thumbnail\" alt=\"\" aria-describedby=\"gallery-2-673453\" \/><\/a>\n\t\t\t<\/div>\n\t\t\t\t<figcaption class='wp-caption-text gallery-caption' id='gallery-2-673453'>\n\t\t\t\tMerida Crossway\n\t\t\t\t<\/figcaption><\/figure><figure class='gallery-item'>\n\t\t\t<div class='gallery-icon landscape'>\n\t\t\t\t<a href=\"https:\/\/velovilnius.lt\/de\/blog\/new-rental-bikes-in-2016\/img_20160403_181915\/\"><img loading=\"lazy\" decoding=\"async\" width=\"96\" height=\"96\" src=\"https:\/\/velovilnius.lt\/wp-content\/uploads\/2016\/03\/IMG_20160403_181915-100x100.jpg\" class=\"attachment-thumbnail size-thumbnail\" alt=\"PREMIUM touring bicycle\" aria-describedby=\"gallery-2-673455\" \/><\/a>\n\t\t\t<\/div>\n\t\t\t\t<figcaption class='wp-caption-text gallery-caption' id='gallery-2-673455'>\n\t\t\t\tPREMIUM touring bicycle\n\t\t\t\t<\/figcaption><\/figure><figure class='gallery-item'>\n\t\t\t<div class='gallery-icon landscape'>\n\t\t\t\t<a href=\"https:\/\/velovilnius.lt\/de\/dviratis-nuomai1-1024x768\/\"><img loading=\"lazy\" decoding=\"async\" width=\"100\" height=\"75\" src=\"https:\/\/velovilnius.lt\/wp-content\/uploads\/2015\/05\/Dviratis-nuomai1-1024x768-100x75.jpg\" class=\"attachment-thumbnail size-thumbnail\" alt=\"\" aria-describedby=\"gallery-2-561316\" srcset=\"https:\/\/velovilnius.lt\/wp-content\/uploads\/2015\/05\/Dviratis-nuomai1-1024x768-100x75.jpg 100w, https:\/\/velovilnius.lt\/wp-content\/uploads\/2015\/05\/Dviratis-nuomai1-1024x768-400x300.jpg 400w, https:\/\/velovilnius.lt\/wp-content\/uploads\/2015\/05\/Dviratis-nuomai1-1024x768-800x600.jpg 800w, https:\/\/velovilnius.lt\/wp-content\/uploads\/2015\/05\/Dviratis-nuomai1-1024x768-768x576.jpg 768w, https:\/\/velovilnius.lt\/wp-content\/uploads\/2015\/05\/Dviratis-nuomai1-1024x768-1000x750.jpg 1000w, https:\/\/velovilnius.lt\/wp-content\/uploads\/2015\/05\/Dviratis-nuomai1-1024x768-20x15.jpg 20w, https:\/\/velovilnius.lt\/wp-content\/uploads\/2015\/05\/Dviratis-nuomai1-1024x768-512x384.jpg 512w, https:\/\/velovilnius.lt\/wp-content\/uploads\/2015\/05\/Dviratis-nuomai1-1024x768.jpg 1024w\" sizes=\"auto, (max-width: 100px) 100vw, 100px\" \/><\/a>\n\t\t\t<\/div>\n\t\t\t\t<figcaption class='wp-caption-text gallery-caption' id='gallery-2-561316'>\n\t\t\t\tCity bike\n\t\t\t\t<\/figcaption><\/figure><figure class='gallery-item'>\n\t\t\t<div class='gallery-icon landscape'>\n\t\t\t\t<a href=\"https:\/\/velovilnius.lt\/de\/blog\/kalnu-dviraciai\/29raudonas\/\"><img loading=\"lazy\" decoding=\"async\" width=\"100\" height=\"63\" src=\"https:\/\/velovilnius.lt\/wp-content\/uploads\/2016\/03\/29raudonas-100x63.png\" class=\"attachment-thumbnail size-thumbnail\" alt=\"\" aria-describedby=\"gallery-2-672992\" srcset=\"https:\/\/velovilnius.lt\/wp-content\/uploads\/2016\/03\/29raudonas-100x63.png 100w, https:\/\/velovilnius.lt\/wp-content\/uploads\/2016\/03\/29raudonas-400x253.png 400w, https:\/\/velovilnius.lt\/wp-content\/uploads\/2016\/03\/29raudonas-20x13.png 20w, https:\/\/velovilnius.lt\/wp-content\/uploads\/2016\/03\/29raudonas-512x324.png 512w, https:\/\/velovilnius.lt\/wp-content\/uploads\/2016\/03\/29raudonas.png 595w\" sizes=\"auto, (max-width: 100px) 100vw, 100px\" \/><\/a>\n\t\t\t<\/div>\n\t\t\t\t<figcaption class='wp-caption-text gallery-caption' id='gallery-2-672992'>\n\t\t\t\tMTB 29&#8243;\n\t\t\t\t<\/figcaption><\/figure><figure class='gallery-item'>\n\t\t\t<div class='gallery-icon landscape'>\n\t\t\t\t<a href=\"https:\/\/velovilnius.lt\/de\/blog\/kalnu-dviraciai\/29juodas\/\"><img loading=\"lazy\" decoding=\"async\" width=\"100\" height=\"62\" src=\"https:\/\/velovilnius.lt\/wp-content\/uploads\/2016\/03\/29juodas-100x62.png\" class=\"attachment-thumbnail size-thumbnail\" alt=\"\" aria-describedby=\"gallery-2-672991\" srcset=\"https:\/\/velovilnius.lt\/wp-content\/uploads\/2016\/03\/29juodas-100x62.png 100w, https:\/\/velovilnius.lt\/wp-content\/uploads\/2016\/03\/29juodas-400x248.png 400w, https:\/\/velovilnius.lt\/wp-content\/uploads\/2016\/03\/29juodas-20x12.png 20w, https:\/\/velovilnius.lt\/wp-content\/uploads\/2016\/03\/29juodas-512x318.png 512w, https:\/\/velovilnius.lt\/wp-content\/uploads\/2016\/03\/29juodas.png 670w\" sizes=\"auto, (max-width: 100px) 100vw, 100px\" \/><\/a>\n\t\t\t<\/div>\n\t\t\t\t<figcaption class='wp-caption-text gallery-caption' id='gallery-2-672991'>\n\t\t\t\tMTB 29&#8243; \n\t\t\t\t<\/figcaption><\/figure>\n\t\t<\/div>\n\n<ul>\n<li>Wir reservieren die R\u00e4der f\u00fcr <strong>eine Stunde <\/strong>nach dem gew\u00fcnschten Termin, danach haben wir das Recht, sie weiter zu vermieten;<\/li>\n<li>Unser Adresss: <span style=\"color: #ff0000;\"><strong>Pylimo Str. 31, Vilnius<\/strong><\/span> (bei der Synagoge), see <a href=\"http:\/\/velovilnius.lt\/en\/blog\/kur-musu-rasite\/\">http:\/\/velovilnius.lt\/de\/blog\/kur-musu-rasite\/<\/a>.Fahrradtransport bitte separat ausmachen (Tel. +370 674 12123)<\/li>\n<\/ul>\n<p><em>zu Rabatten siehe unten<\/em><br \/>\n<strong>KOSTENLOS gibt&#8217;s (zusammen mit dem Fahrradverleih):<\/strong><\/p>\n<ul>\n<li>Kindersitz mit Fahrradhelm(seperat 3 \u20ac\u00a0\/ 24 Std.)<\/li>\n<li>Fahrradhelm (seperat 3\u20ac\u00a0\/ 24 Std.)<\/li>\n<li>Fahrradschloss<\/li>\n<\/ul>\n<h3>Rabatte \/ Discounts<\/h3>\n<p style=\"font-size: 13px;\">10% :<br \/>\nab 2 Tage;<br \/>\nab 4 Personen;<br \/>\nStudenten und Lehrer mit ISIC<\/p>\n<p style=\"font-size: 13px;\">20%<br \/>\nab 4 Tage;<br \/>\nab 8 Personen;<\/p>\n[\/expand]\n<h3>Fahrradtransport<\/h3>\n<p>&nbsp;<\/p>\n<p style=\"font-size: 13px;\"><strong>Fahrradtransport (Anlieferung \/ Abholung) (Fahrrad):<\/strong><\/p>\n<ul style=\"font-size: 13px;\">\n<li>in Vilnius Altstadt: 5\u20ac f\u00fcr 2, au\u00dferhalb des Zentrums: 10\u20ac<\/li>\n<li>allgemeine Regel f\u00fcr den Transport: 90ct\/km<\/li>\n<\/ul>\n<ul style=\"font-size: 13px;\">\n<li><span style=\"line-height: 1.6em;\">Transport von bis zu 22 Fahrr\u00e4derns nach Trakai oder Kernave (Neris Regional Park) &#8211; 100\u20ac<\/span><\/li>\n<\/ul>\n<ul style=\"font-size: 13px;\">\n<li>Kindersitz mit Fahrradhelm (vorgeschrieben nach litauischer StVO), max. 25 kg SEPARAT \u2013 3\u20ac(24 h)<\/li>\n<li>Fahrradhelm SEPARAT \u2013 3 \u20ac (24h) (bei Fahrradverleih \u2013 kostenlos inklusive)<\/li>\n<li>Fahrrahalter (f\u00fcr den Transport von max. drei Fahrr\u00e4dern auf dem Heck eines Autos) \u2013 15 Lt (24h)<\/li>\n<li>Wasserdichte Lenkertasche (6L) \u2013 2\u20ac\u00a0(24h)<\/li>\n<li>Ein paar wasserdichte Packtaschen \u201eOrtlieb\u201c \u2013 3\u20ac\u00a0(24h)<\/li>\n<li>GPS Empf\u00e4nger GARMIN Etrex \u2013 5\u20ac\u00a0(24h) \u2013 mit auf Wunsch einprogrammierten Fahrradrouten<\/li>\n<li>Fahrrad-r\u00fcckgabe oder -ausgabe au\u00dferhalb der \u00d6ffnungszeiten (pro Fahrrrad) \u2013 5\u20ac<\/li>\n<\/ul>\n<p>&nbsp;<\/p>\n<h2 style=\"font-weight: bold; line-height: normal; padding: 20px 20px 0px; font-family: LiberationSerifRegular, Arial, Tahoma, 'Century gothic', sans-serif; font-size: 14px;\"><span style=\"border: 0px; font-style: inherit; font-weight: inherit; margin: 0px; padding: 0px; vertical-align: baseline;\">Spezialpreise:<\/span><\/h2>\n<ul style=\"padding-right: 0px; padding-left: 0px; font-size: 13px; border: 0px; margin: 0.4em 0px 1em; vertical-align: baseline; line-height: 17.77777862548828px; font-family: 'Century gothic', sans-serif;\">\n<li style=\"border: 0px; font-style: inherit; margin: 0px 0px 0px 1.6em; padding: 0px; vertical-align: baseline;\">* Fahrradausgabe und -annahme au\u00dferhalb der Arbeitzeiten : + 5\u20ac,<\/li>\n<li style=\"border: 0px; font-style: inherit; margin: 0px 0px 0px 1.6em; padding: 0px; vertical-align: baseline;\">* Nachtgeb\u00fchr\u2013 10\u20ac Fahrradverleih von 18.00 Uhr bis 10.00 Uhr am n\u00e4chsten Morgen \u2013 f\u00fcr den Preis von 4 Stunden.<\/li>\n<\/ul>\n<p>&nbsp;<\/div>","pwapp_post_content_type":"postprocessed2","pwapp_preview_type":"excerpt","androapp_failover_post_content_type":"","share_text":"Verleihpreise und -Bedingungen\nvia https:\/\/velovilnius.lt\/de\/blog\/nuomos-kainos-ir-salygos\/","supercache":"androappsupercache","post_categories":[{"id":21,"count":11,"description":"dvira\u010di\u0173 nuoma ir ne tik \/ rent-a-bike and more \/ Fahrradverleih und mehr","name":"rent-a-bike in Vilnius, Lithuania","slug":"nuoma","parent":6}],"post_tags":[],"post_author":"admin","post_author_avatar_urls":{"24":"https:\/\/secure.gravatar.com\/avatar\/b9db3db7b44d07cc869eb13533e034682ef5df97109b6a95acc79a320c1d6404?s=24&d=mm&r=g","48":"https:\/\/secure.gravatar.com\/avatar\/b9db3db7b44d07cc869eb13533e034682ef5df97109b6a95acc79a320c1d6404?s=48&d=mm&r=g","96":"https:\/\/secure.gravatar.com\/avatar\/b9db3db7b44d07cc869eb13533e034682ef5df97109b6a95acc79a320c1d6404?s=96&d=mm&r=g"},"post_comment_count":0,"image":"https:\/\/velovilnius.lt\/wp-content\/uploads\/2011\/09\/rent-a-bike1-92x92.png","thumb":"https:\/\/velovilnius.lt\/wp-content\/uploads\/2011\/09\/rent-a-bike1.png","thumb_medium":"https:\/\/velovilnius.lt\/wp-content\/uploads\/2011\/09\/rent-a-bike1.png","images":{"medium_large":"https:\/\/velovilnius.lt\/wp-content\/uploads\/2011\/09\/rent-a-bike1.png","1536x1536":"https:\/\/velovilnius.lt\/wp-content\/uploads\/2011\/09\/rent-a-bike1.png","2048x2048":"https:\/\/velovilnius.lt\/wp-content\/uploads\/2011\/09\/rent-a-bike1.png","woocommerce_thumbnail":"https:\/\/velovilnius.lt\/wp-content\/uploads\/2011\/09\/rent-a-bike1.png","woocommerce_single":"https:\/\/velovilnius.lt\/wp-content\/uploads\/2011\/09\/rent-a-bike1.png","woocommerce_gallery_thumbnail":"https:\/\/velovilnius.lt\/wp-content\/uploads\/2011\/09\/rent-a-bike1.png"},"post_title":"[:lt]Nuomos kainos ir s\u0105lygos [:en]rental fees and conditions[:de]Verleihpreise und -Bedingungen[:]","_links":{"self":[{"href":"https:\/\/velovilnius.lt\/de\/wp-json\/wp\/v2\/posts\/4762","targetHints":{"allow":["GET"]}}],"collection":[{"href":"https:\/\/velovilnius.lt\/de\/wp-json\/wp\/v2\/posts"}],"about":[{"href":"https:\/\/velovilnius.lt\/de\/wp-json\/wp\/v2\/types\/post"}],"author":[{"embeddable":true,"href":"https:\/\/velovilnius.lt\/de\/wp-json\/wp\/v2\/users\/1"}],"replies":[{"embeddable":true,"href":"https:\/\/velovilnius.lt\/de\/wp-json\/wp\/v2\/comments?post=4762"}],"version-history":[{"count":10,"href":"https:\/\/velovilnius.lt\/de\/wp-json\/wp\/v2\/posts\/4762\/revisions"}],"predecessor-version":[{"id":702856,"href":"https:\/\/velovilnius.lt\/de\/wp-json\/wp\/v2\/posts\/4762\/revisions\/702856"}],"wp:featuredmedia":[{"embeddable":true,"href":"https:\/\/velovilnius.lt\/de\/wp-json\/wp\/v2\/media\/2844"}],"wp:attachment":[{"href":"https:\/\/velovilnius.lt\/de\/wp-json\/wp\/v2\/media?parent=4762"}],"wp:term":[{"taxonomy":"category","embeddable":true,"href":"https:\/\/velovilnius.lt\/de\/wp-json\/wp\/v2\/categories?post=4762"},{"taxonomy":"post_tag","embeddable":true,"href":"https:\/\/velovilnius.lt\/de\/wp-json\/wp\/v2\/tags?post=4762"}],"curies":[{"name":"wp","href":"https:\/\/api.w.org\/{rel}","templated":true}]}}