{"id":1075,"date":"2016-07-24T12:04:50","date_gmt":"2016-07-24T12:04:50","guid":{"rendered":"http:\/\/velovilnius.lt\/balticcycle\/?p=1075"},"modified":"2020-01-29T10:42:04","modified_gmt":"2020-01-29T10:42:04","slug":"price-list-rental-and-transportation-fees","status":"publish","type":"post","link":"https:\/\/velovilnius.lt\/balticcycle\/en\/price-list-rental-and-transportation-fees\/","title":{"rendered":"Price list: bicycle rental and extras fees"},"content":{"rendered":"<p class=\"western\" lang=\"lt-LT\" style=\"text-align: center;\"><u><b>Price<\/b><\/u><u><b> <\/b><\/u><u><b>list<\/b><\/u><u><b> <\/b><\/u><u><b>\/<\/b><\/u><u><b> <\/b><\/u><u><b>Preisliste<\/b><\/u><u><b>\u00a0(<\/b><\/u><u><b>2020)<\/b><\/u><\/p>\n<p class=\"western\" lang=\"lt-LT\" style=\"text-align: center;\"><span lang=\"de-DE\"><b>A<\/b><\/span><b> <\/b><span lang=\"de-DE\"><b> Fahrradverleih<\/b><\/span><b> <\/b><span lang=\"de-DE\"><b> \/<\/b><\/span><b> <\/b><span lang=\"de-DE\"><b>Bicycle<\/b><\/span><b> <\/b><span lang=\"de-DE\"><b>rent<\/b><\/span><\/p>\n<table class=\" aligncenter\">\n<tbody>\n<tr>\n<td>\n<p style=\"text-align: center;\">PREMIUM<\/p>\n<p style=\"text-align: center;\">Bicycle \/ Fahrrad<\/p>\n<p style=\"text-align: center;\">\u20ac<\/p>\n<\/td>\n<td style=\"text-align: center;\">\n<p class=\"western\" align=\"center\">E-bike \/ Pedelec<\/p>\n<\/td>\n<td style=\"text-align: center;\">\n<p class=\"western\" align=\"center\">Anzahl Tage<\/p>\n<\/td>\n<td style=\"text-align: center;\">\n<p class=\"western\" align=\"center\">Rabatt pro Fahrrad<\/p>\n<\/td>\n<td style=\"text-align: center;\">\n<p class=\"western\" align=\"center\">Rabatt in Euro<\/p>\n<\/td>\n<\/tr>\n<tr valign=\"bottom\">\n<td width=\"72\" height=\"20\">\n<p class=\"western\" align=\"center\">EUR<\/p>\n<\/td>\n<td width=\"49\">\n<p class=\"western\" align=\"center\">EUR<\/p>\n<\/td>\n<td width=\"46\">\n<p class=\"western\" align=\"center\"># of days<\/p>\n<\/td>\n<td width=\"80\">\n<p class=\"western\" align=\"center\">discount per bike!<\/p>\n<\/td>\n<td width=\"83\">\n<p class=\"western\" align=\"center\">Discount in Euro<\/p>\n<\/td>\n<\/tr>\n<tr valign=\"bottom\">\n<td bgcolor=\"#ffff00\" width=\"72\" height=\"3\">\n<p class=\"western\" align=\"center\">18<\/p>\n<\/td>\n<td bgcolor=\"#ffff00\" width=\"49\">\n<p class=\"western\" align=\"center\">35<\/p>\n<\/td>\n<td width=\"46\">\n<p class=\"western\" style=\"text-align: left;\" align=\"center\">24<br \/>\nhrs.\/<br \/>\nStd.<\/p>\n<\/td>\n<td width=\"80\"><\/td>\n<td width=\"83\"><\/td>\n<\/tr>\n<tr valign=\"bottom\">\n<td bgcolor=\"#ffff00\" width=\"72\" height=\"3\">\n<p class=\"western\" align=\"center\">16<\/p>\n<\/td>\n<td bgcolor=\"#ffff00\" width=\"49\">\n<p class=\"western\" align=\"center\">32<\/p>\n<\/td>\n<td width=\"46\">2-4<br \/>\ndays\/<br \/>\nTage<\/td>\n<td width=\"80\">\n<p class=\"western\" style=\"text-align: left;\" align=\"center\">10 %<\/p>\n<\/td>\n<td width=\"83\">\n<p class=\"western\" align=\"center\">\n<\/td>\n<\/tr>\n<tr valign=\"bottom\">\n<td bgcolor=\"#ffff00\" width=\"72\" height=\"2\">\n<p class=\"western\" align=\"center\">14<\/p>\n<\/td>\n<td bgcolor=\"#ffff00\" width=\"49\">\n<p class=\"western\" align=\"center\">28<\/p>\n<\/td>\n<td width=\"46\">5-7<\/td>\n<td width=\"80\">\n<p class=\"western\" style=\"text-align: left;\" align=\"center\">20 %<\/p>\n<\/td>\n<td>\n<p class=\"western\" align=\"center\">\n<\/td>\n<\/tr>\n<tr>\n<td style=\"text-align: center;\">13<\/td>\n<td style=\"text-align: center;\">26.<\/td>\n<td>&gt; 7<\/td>\n<td>\u00a0&gt;25%<\/td>\n<td>.<\/td>\n<\/tr>\n<\/tbody>\n<\/table>\n<p class=\"western\" lang=\"lt-LT\" style=\"text-align: center;\"><span lang=\"en-GB\"><b>F<\/b><\/span><b> <\/b><span lang=\"en-GB\"><b>&#8211;<\/b><\/span><b> <\/b><span lang=\"en-GB\"><b>EXTRA<\/b><\/span><b> <\/b><span lang=\"en-GB\"><b>EQUIPMENT<\/b><\/span><b> <\/b><span lang=\"en-GB\">(EURO<\/span> <span lang=\"en-GB\">per<\/span> <span lang=\"en-GB\">Day)<\/span><\/p>\n<table width=\"495\" cellspacing=\"0\" cellpadding=\"7\">\n<colgroup>\n<col width=\"40\" \/>\n<col width=\"214\" \/>\n<col width=\"197\" \/> <\/colgroup>\n<tbody>\n<tr valign=\"top\">\n<td width=\"40\" height=\"19\">\n<p class=\"western\" lang=\"lt-LT\"><b>EUR<\/b><b> <\/b><\/p>\n<\/td>\n<td width=\"214\"><\/td>\n<td width=\"197\"><\/td>\n<\/tr>\n<tr valign=\"top\">\n<td width=\"40\">\n<p class=\"western\" lang=\"lt-LT\" align=\"right\">3<\/p>\n<\/td>\n<td width=\"214\">\n<p class=\"western\" lang=\"lt-LT\">Pair of water proof back panniers \/<\/p>\n<p class=\"western\" lang=\"lt-LT\">Paar wasserdichte Packtaschen (f\u00fcr Gep\u00e4cktr\u00e4ger)<\/p>\n<p class=\"western\" lang=\"lt-LT\">ORTLIEB<\/p>\n<\/td>\n<td width=\"197\"><\/td>\n<\/tr>\n<tr valign=\"top\">\n<td width=\"40\" height=\"5\"><\/td>\n<td width=\"214\"><\/td>\n<td width=\"197\"><\/td>\n<\/tr>\n<tr valign=\"top\">\n<td width=\"40\" height=\"4\">\n<p class=\"western\" lang=\"lt-LT\" align=\"right\">3<\/p>\n<\/td>\n<td width=\"214\">\n<p class=\"western\" lang=\"lt-LT\">Children Seat \/<\/p>\n<p class=\"western\" lang=\"lt-LT\">Kindersitz<\/p>\n<\/td>\n<td width=\"197\"><\/td>\n<\/tr>\n<tr valign=\"top\">\n<td width=\"40\" height=\"4\"><\/td>\n<td width=\"214\"><\/td>\n<td width=\"197\"><\/td>\n<\/tr>\n<tr valign=\"top\">\n<td style=\"text-align: center;\" width=\"40\">\n<p class=\"western\" lang=\"lt-LT\" align=\"right\">12<\/p>\n<\/td>\n<td style=\"text-align: center;\" width=\"214\">\n<p class=\"western\" lang=\"lt-LT\">Bicycle Trailer \/<\/p>\n<p class=\"western\" lang=\"lt-LT\">Fahrradanh\u00e4nger<\/p>\n<p class=\"western\" lang=\"lt-LT\">WINTHER DOLPHIN<\/p>\n<\/td>\n<td style=\"text-align: center;\" width=\"197\"><\/td>\n<\/tr>\n<\/tbody>\n<\/table>\n<p lang=\"de-DE\" align=\"center\"><a name=\"_1075968147\"><\/a><\/p>","protected":false},"excerpt":{"rendered":"<p>Price list \/ Preisliste\u00a0(2020) A Fahrradverleih \/ Bicycle rent PREMIUM Bicycle \/ Fahrrad \u20ac E-bike \/ Pedelec Anzahl Tage Rabatt pro Fahrrad Rabatt in Euro EUR EUR # of days discount per bike! Discount in Euro 18 35 24 hrs.\/ Std. 16 32 2-4 days\/ Tage 10 % 14 28 5-7 20 % 13 26. [&hellip;]<\/p>\n","protected":false},"author":1,"featured_media":0,"comment_status":"closed","ping_status":"closed","sticky":false,"template":"","format":"standard","meta":{"inline_featured_image":false,"site-sidebar-layout":"default","site-content-layout":"","ast-site-content-layout":"default","site-content-style":"default","site-sidebar-style":"default","ast-global-header-display":"","ast-banner-title-visibility":"","ast-main-header-display":"","ast-hfb-above-header-display":"","ast-hfb-below-header-display":"","ast-hfb-mobile-header-display":"","site-post-title":"","ast-breadcrumbs-content":"","ast-featured-img":"","footer-sml-layout":"","ast-disable-related-posts":"","theme-transparent-header-meta":"","adv-header-id-meta":"","stick-header-meta":"","header-above-stick-meta":"","header-main-stick-meta":"","header-below-stick-meta":"","astra-migrate-meta-layouts":"default","ast-page-background-enabled":"default","ast-page-background-meta":{"desktop":{"background-color":"","background-image":"","background-repeat":"repeat","background-position":"center center","background-size":"auto","background-attachment":"scroll","background-type":"","background-media":"","overlay-type":"","overlay-color":"","overlay-opacity":"","overlay-gradient":""},"tablet":{"background-color":"","background-image":"","background-repeat":"repeat","background-position":"center center","background-size":"auto","background-attachment":"scroll","background-type":"","background-media":"","overlay-type":"","overlay-color":"","overlay-opacity":"","overlay-gradient":""},"mobile":{"background-color":"","background-image":"","background-repeat":"repeat","background-position":"center center","background-size":"auto","background-attachment":"scroll","background-type":"","background-media":"","overlay-type":"","overlay-color":"","overlay-opacity":"","overlay-gradient":""}},"ast-content-background-meta":{"desktop":{"background-color":"var(--ast-global-color-5)","background-image":"","background-repeat":"repeat","background-position":"center center","background-size":"auto","background-attachment":"scroll","background-type":"","background-media":"","overlay-type":"","overlay-color":"","overlay-opacity":"","overlay-gradient":""},"tablet":{"background-color":"var(--ast-global-color-5)","background-image":"","background-repeat":"repeat","background-position":"center center","background-size":"auto","background-attachment":"scroll","background-type":"","background-media":"","overlay-type":"","overlay-color":"","overlay-opacity":"","overlay-gradient":""},"mobile":{"background-color":"var(--ast-global-color-5)","background-image":"","background-repeat":"repeat","background-position":"center center","background-size":"auto","background-attachment":"scroll","background-type":"","background-media":"","overlay-type":"","overlay-color":"","overlay-opacity":"","overlay-gradient":""}},"jetpack_post_was_ever_published":false,"_jetpack_newsletter_access":"","_jetpack_dont_email_post_to_subs":true,"_jetpack_newsletter_tier_id":0,"_jetpack_memberships_contains_paywalled_content":false,"_jetpack_memberships_contains_paid_content":false,"footnotes":"","jetpack_publicize_message":"Price list: rental and transportation fees","jetpack_publicize_feature_enabled":true,"jetpack_social_post_already_shared":true,"jetpack_social_options":{"image_generator_settings":{"template":"highway","default_image_id":0,"font":"","enabled":false},"version":2},"_links_to":"","_links_to_target":""},"categories":[14],"tags":[],"class_list":["post-1075","post","type-post","status-publish","format-standard","hentry","category-rental"],"featured_image_src":"","blog_images":{"medium":"","large":""},"ams_acf":[],"jetpack_publicize_connections":[],"jetpack_featured_media_url":"","jetpack_shortlink":"https:\/\/wp.me\/p4oO1r-hl","jetpack_sharing_enabled":true,"jetpack-related-posts":[{"id":122,"url":"http:\/\/velovilnius.lt","url_meta":{"origin":1075,"position":0},"title":"Vilnius","author":"admin","date":"Tuesday August 16th, 2011","format":false,"excerpt":"Velo-city Vilnius organises city bicycle tours, bike rental and can provide you with more information and maps on cycling .... in Vilnius Bei\u00a0Velo-city\u00a0in\u00a0\u00a0Vilnius gibt's Stadttouren 3-6 (!)\u00a0Stunden Stadttour per Fahrrad\u00a0\"Vilniusser Kontraste\" (20\u00a0Euro) - nimm dir die Zeit, du bis im Urlaub!Montags bis Samstags,\u00a011 Uhr (Toursprache ist Englisch, andere Sprachen auf\u2026","rel":"","context":"In &quot;[:en]city tours by bicycle[:de]Stadttouren per Rad[:]&quot;","block_context":{"text":"[:en]city tours by bicycle[:de]Stadttouren per Rad[:]","link":"https:\/\/velovilnius.lt\/balticcycle\/en\/category\/contact\/partner\/citytours\/"},"img":{"alt_text":"","src":"https:\/\/i0.wp.com\/velovilnius.lt\/balticcycle\/files\/2013\/08\/2012-10-19-17.41.06.jpg?resize=350%2C200&ssl=1","width":350,"height":200,"srcset":"https:\/\/i0.wp.com\/velovilnius.lt\/balticcycle\/files\/2013\/08\/2012-10-19-17.41.06.jpg?resize=350%2C200&ssl=1 1x, https:\/\/i0.wp.com\/velovilnius.lt\/balticcycle\/files\/2013\/08\/2012-10-19-17.41.06.jpg?resize=525%2C300&ssl=1 1.5x"},"classes":[]},{"id":2104,"url":"https:\/\/velovilnius.lt\/balticcycle\/en\/transport-fees-giving-bicycle-back-different-location\/","url_meta":{"origin":1075,"position":1},"title":"Transport fees (when giving the bicycle back at a different location)","author":"admin","date":"Saturday April  1st, 2017","format":false,"excerpt":"B Transport fee per track (in EURO) for (Re-) Transport to a different place\/country Transportkostenpauschale pro Strecke (EURO) bei Abgabe an einem anderen Ort Routen \/ Routes 1 bicycle \/ Fahrrad 2 bikes \/ R\u00e4der 3 bikes \/ R\u00e4der 4 bikes \/ R\u00e4der Over two border \/ \u00fcber 2 Grenzen\u2026","rel":"","context":"In &quot;[:en]Bicycle rental[:de]Fahrradverleih[:]&quot;","block_context":{"text":"[:en]Bicycle rental[:de]Fahrradverleih[:]","link":"https:\/\/velovilnius.lt\/balticcycle\/en\/category\/service\/rental\/"},"img":{"alt_text":"","src":"","width":0,"height":0},"classes":[]},{"id":16,"url":"http:\/\/velovilnius.lt\/balticcycle\/service\/price-list-rental-and-transportation-fees\/","url_meta":{"origin":1075,"position":2},"title":"Rent-a-bike in Vilnius, Klaipeda, Riga, Tallinn","author":"admin","date":"Tuesday February  5th, 2013","format":false,"excerpt":"Rent-a-bike All over the Baltic States or in Vilnius, Tallinn, Klaipeda, Riga, Kaunas ...","rel":"","context":"In &quot;[:en]First page[:de]Erste Seite[:]&quot;","block_context":{"text":"[:en]First page[:de]Erste Seite[:]","link":"https:\/\/velovilnius.lt\/balticcycle\/en\/category\/uncategorized\/1stpage\/"},"img":{"alt_text":"types of rental bicycles","src":"https:\/\/i0.wp.com\/velovilnius.lt\/balticcycle\/files\/2013\/02\/IMG_20200202_161626-COLLAGE.jpg?resize=350%2C200&ssl=1","width":350,"height":200,"srcset":"https:\/\/i0.wp.com\/velovilnius.lt\/balticcycle\/files\/2013\/02\/IMG_20200202_161626-COLLAGE.jpg?resize=350%2C200&ssl=1 1x, https:\/\/i0.wp.com\/velovilnius.lt\/balticcycle\/files\/2013\/02\/IMG_20200202_161626-COLLAGE.jpg?resize=525%2C300&ssl=1 1.5x, https:\/\/i0.wp.com\/velovilnius.lt\/balticcycle\/files\/2013\/02\/IMG_20200202_161626-COLLAGE.jpg?resize=700%2C400&ssl=1 2x"},"classes":[]},{"id":1450,"url":"https:\/\/velovilnius.lt\/balticcycle\/en\/general-presentation-cycling-estonia\/","url_meta":{"origin":1075,"position":3},"title":"A General Presentation: Cycling in Estonia","author":"admin","date":"Tuesday January 24th, 2017","format":false,"excerpt":"The introduction of Rein Lepik, president of the Estonian cyclists' club \u201eV\u00e4nta Aga\u201c - see as well www.bicycle.ee Estonia \u2013 A Cyclists Paradise Cycling has rapidly developed in Estonia during the last few years. Along with other cycling events, bicycles are becoming more and more popular with hikers. When the\u2026","rel":"","context":"In \"[:en]Cycling in Estonia[:de]Radfahren in Estland[:]\"","block_context":{"text":"[:en]Cycling in Estonia[:de]Radfahren in Estland[:]","link":"https:\/\/velovilnius.lt\/balticcycle\/en\/tag\/estonia\/"},"img":{"alt_text":"","src":"https:\/\/i0.wp.com\/www.bicycle.lt\/repository\/documents\/infopics\/EEnatNetCol.jpg?resize=350%2C200","width":350,"height":200,"srcset":"https:\/\/i0.wp.com\/www.bicycle.lt\/repository\/documents\/infopics\/EEnatNetCol.jpg?resize=350%2C200 1x, https:\/\/i0.wp.com\/www.bicycle.lt\/repository\/documents\/infopics\/EEnatNetCol.jpg?resize=525%2C300 1.5x, https:\/\/i0.wp.com\/www.bicycle.lt\/repository\/documents\/infopics\/EEnatNetCol.jpg?resize=700%2C400 2x, https:\/\/i0.wp.com\/www.bicycle.lt\/repository\/documents\/infopics\/EEnatNetCol.jpg?resize=1050%2C600 3x, https:\/\/i0.wp.com\/www.bicycle.lt\/repository\/documents\/infopics\/EEnatNetCol.jpg?resize=1400%2C800 4x"},"classes":[]},{"id":2640,"url":"https:\/\/velovilnius.lt\/balticcycle\/riga-vilnius\/balticcycle-eu-routen\/riga-tallinn\/","url_meta":{"origin":1075,"position":4},"title":"[LV2\/EE] Riga-Tallinn by bicycle (link)","author":"admin","date":"Monday November  5th, 2018","format":false,"excerpt":"Here you can find information on the best way to cycle between Tallinn and Riga. Which roads to avoid, which sights to see","rel":"","context":"In \"link\"","block_context":{"text":"link","link":"https:\/\/velovilnius.lt\/balticcycle\/en\/tag\/link\/"},"img":{"alt_text":"","src":"https:\/\/i0.wp.com\/velovilnius.lt\/balticcycle\/files\/2019\/11\/ee_bybike.png?resize=350%2C200&ssl=1","width":350,"height":200,"srcset":"https:\/\/i0.wp.com\/velovilnius.lt\/balticcycle\/files\/2019\/11\/ee_bybike.png?resize=350%2C200&ssl=1 1x, https:\/\/i0.wp.com\/velovilnius.lt\/balticcycle\/files\/2019\/11\/ee_bybike.png?resize=525%2C300&ssl=1 1.5x, https:\/\/i0.wp.com\/velovilnius.lt\/balticcycle\/files\/2019\/11\/ee_bybike.png?resize=700%2C400&ssl=1 2x, https:\/\/i0.wp.com\/velovilnius.lt\/balticcycle\/files\/2019\/11\/ee_bybike.png?resize=1050%2C600&ssl=1 3x, https:\/\/i0.wp.com\/velovilnius.lt\/balticcycle\/files\/2019\/11\/ee_bybike.png?resize=1400%2C800&ssl=1 4x"},"classes":[]},{"id":167,"url":"https:\/\/velovilnius.lt\/balticcycle\/en\/estonia-more-background\/","url_meta":{"origin":1075,"position":5},"title":"Estonia. Old information and links (not updated)","author":"admin","date":"Saturday August 17th, 2013","format":false,"excerpt":"state tourism department (over 40 hints for cycling)\u00a0 www.visitestonia.com \u00a0 Tourism info Www.visitestonia.com www.investinestonia.com \u00a0 www.turismiweb.ee www.maaturism.ee \u00a0 www.vm.ee (Au\u00dfenministerium \/ Ministry for Foreign Affairs) www.riik.ee \u00a0 www.viroweb.com www.balticswordwide.com www.culture.ee www.festivals.ee www.estonica.org www.laulupidu.ee www.estoniantheatre.info www.estmusic.vom www.kunstikeskus.ee www.estlit.ee www.piletilevi.ee www.einst.ee www.dki.tartu.eee www.mois.ee Natur\u2019 www.envir.ee www.elfond.ee www.rmk.ee www.ecotourism.ee www.matkkaliit.ee www.looduseomnibuss.ee www.soomaa.ee www.lahemaa.ee\u2026","rel":"","context":"In \"[:en]Cycling in Estonia[:de]Radfahren in Estland[:]\"","block_context":{"text":"[:en]Cycling in Estonia[:de]Radfahren in Estland[:]","link":"https:\/\/velovilnius.lt\/balticcycle\/en\/tag\/estonia\/"},"img":{"alt_text":"","src":"http:\/\/wiki.dviratis.lt\/show_image.php?id=78","width":350,"height":200,"srcset":"http:\/\/wiki.dviratis.lt\/show_image.php?id=78 1x, http:\/\/wiki.dviratis.lt\/show_image.php?id=78 1.5x"},"classes":[]}],"jetpack_likes_enabled":true,"pwapp_after_post_content":"","pwapp_before_post_content":"","androapp_header":"","pwapp_author":{"ID":1,"name":"admin","slug":"admin"},"pwapp_terms":{"category":[{"term_id":14,"name":"[:en]Bicycle rental[:de]Fahrradverleih[:]","slug":"rental","term_group":0,"term_taxonomy_id":14,"taxonomy":"category","description":"","parent":11,"count":7,"filter":"raw","i18n_config":{"name":{"ts":{"en":"[:en]Bicycle rental[:de]Fahrradverleih[:]"}}},"cat_ID":14,"category_count":7,"category_description":"","cat_name":"[:en]Bicycle rental[:de]Fahrradverleih[:]","category_nicename":"rental","category_parent":11,"ID":14}]},"pwapp_feed_image_dimension_type":"preview","pwapp_post_image":null,"share_image":null,"featured_image_showhide":"show","pwapp_excerpt":"<p>Price list \/ Preisliste\u00a0(2020) A Fahrradverleih \/ Bicycle rent PREMIUM Bicycle \/ Fahrrad \u20ac E-bike \/ Pedelec Anzahl Tage Rabatt pro Fahrrad Rabatt in Euro EUR EUR # of days discount per bike! Discount in Euro 18 35 24 hrs.\/ Std. 16 32 2-4 days\/ Tage 10 % 14 28 5-7 20 % 13 26. [&hellip;]<\/p>\n","pwapp_title":"Price list: bicycle rental and extras fees","androapp_image_list":[],"pwapp_post_content":"<style type=\"text\/css\">androapp img{\r\n    max-width: 100%;\r\n    height: auto;\r\n}\r\niframe{\r\n    max-width: 100%;    \r\n}\r\nfigure {\r\n    max-width: 100%;\r\n    height: auto;\r\n}\r\nimg{\r\n    max-width: 100% !important;\r\n    height: auto;\r\n}\r\ndiv {\r\n    max-width: 100% !important;\r\n}\r\nspan {\r\n    max-width:100%;\r\n    overflow: auto;\r\n}\r\naudio {\r\n    display:block;\r\n    visibility:visible !important;\r\n}\r\nvideo{\r\n    width:100%;\r\n    height:auto;\r\n}\r\n<\/style><div class='androapp'><p class=\"western\" lang=\"lt-LT\" style=\"text-align: center;\"><u><b>Price<\/b><\/u><u><b> <\/b><\/u><u><b>list<\/b><\/u><u><b> <\/b><\/u><u><b>\/<\/b><\/u><u><b> <\/b><\/u><u><b>Preisliste<\/b><\/u><u><b>\u00a0(<\/b><\/u><u><b>2020)<\/b><\/u><\/p>\n<p class=\"western\" lang=\"lt-LT\" style=\"text-align: center;\"><span lang=\"de-DE\"><b>A<\/b><\/span><b> <\/b><span lang=\"de-DE\"><b> Fahrradverleih<\/b><\/span><b> <\/b><span lang=\"de-DE\"><b> \/<\/b><\/span><b> <\/b><span lang=\"de-DE\"><b>Bicycle<\/b><\/span><b> <\/b><span lang=\"de-DE\"><b>rent<\/b><\/span><\/p>\n<table class=\" aligncenter\">\n<tbody>\n<tr>\n<td>\n<p style=\"text-align: center;\">PREMIUM<\/p>\n<p style=\"text-align: center;\">Bicycle \/ Fahrrad<\/p>\n<p style=\"text-align: center;\">\u20ac<\/p>\n<\/td>\n<td style=\"text-align: center;\">\n<p class=\"western\" align=\"center\">E-bike \/ Pedelec<\/p>\n<\/td>\n<td style=\"text-align: center;\">\n<p class=\"western\" align=\"center\">Anzahl Tage<\/p>\n<\/td>\n<td style=\"text-align: center;\">\n<p class=\"western\" align=\"center\">Rabatt pro Fahrrad<\/p>\n<\/td>\n<td style=\"text-align: center;\">\n<p class=\"western\" align=\"center\">Rabatt in Euro<\/p>\n<\/td>\n<\/tr>\n<tr valign=\"bottom\">\n<td width=\"72\" height=\"20\">\n<p class=\"western\" align=\"center\">EUR<\/p>\n<\/td>\n<td width=\"49\">\n<p class=\"western\" align=\"center\">EUR<\/p>\n<\/td>\n<td width=\"46\">\n<p class=\"western\" align=\"center\"># of days<\/p>\n<\/td>\n<td width=\"80\">\n<p class=\"western\" align=\"center\">discount per bike!<\/p>\n<\/td>\n<td width=\"83\">\n<p class=\"western\" align=\"center\">Discount in Euro<\/p>\n<\/td>\n<\/tr>\n<tr valign=\"bottom\">\n<td bgcolor=\"#ffff00\" width=\"72\" height=\"3\">\n<p class=\"western\" align=\"center\">18<\/p>\n<\/td>\n<td bgcolor=\"#ffff00\" width=\"49\">\n<p class=\"western\" align=\"center\">35<\/p>\n<\/td>\n<td width=\"46\">\n<p class=\"western\" style=\"text-align: left;\" align=\"center\">24<br \/>\nhrs.\/<br \/>\nStd.<\/p>\n<\/td>\n<td width=\"80\"><\/td>\n<td width=\"83\"><\/td>\n<\/tr>\n<tr valign=\"bottom\">\n<td bgcolor=\"#ffff00\" width=\"72\" height=\"3\">\n<p class=\"western\" align=\"center\">16<\/p>\n<\/td>\n<td bgcolor=\"#ffff00\" width=\"49\">\n<p class=\"western\" align=\"center\">32<\/p>\n<\/td>\n<td width=\"46\">2-4<br \/>\ndays\/<br \/>\nTage<\/td>\n<td width=\"80\">\n<p class=\"western\" style=\"text-align: left;\" align=\"center\">10 %<\/p>\n<\/td>\n<td width=\"83\">\n<p class=\"western\" align=\"center\">\n<\/td>\n<\/tr>\n<tr valign=\"bottom\">\n<td bgcolor=\"#ffff00\" width=\"72\" height=\"2\">\n<p class=\"western\" align=\"center\">14<\/p>\n<\/td>\n<td bgcolor=\"#ffff00\" width=\"49\">\n<p class=\"western\" align=\"center\">28<\/p>\n<\/td>\n<td width=\"46\">5-7<\/td>\n<td width=\"80\">\n<p class=\"western\" style=\"text-align: left;\" align=\"center\">20 %<\/p>\n<\/td>\n<td>\n<p class=\"western\" align=\"center\">\n<\/td>\n<\/tr>\n<tr>\n<td style=\"text-align: center;\">13<\/td>\n<td style=\"text-align: center;\">26.<\/td>\n<td>&gt; 7<\/td>\n<td>\u00a0&gt;25%<\/td>\n<td>.<\/td>\n<\/tr>\n<\/tbody>\n<\/table>\n<p class=\"western\" lang=\"lt-LT\" style=\"text-align: center;\"><span lang=\"en-GB\"><b>F<\/b><\/span><b> <\/b><span lang=\"en-GB\"><b>&#8211;<\/b><\/span><b> <\/b><span lang=\"en-GB\"><b>EXTRA<\/b><\/span><b> <\/b><span lang=\"en-GB\"><b>EQUIPMENT<\/b><\/span><b> <\/b><span lang=\"en-GB\">(EURO<\/span> <span lang=\"en-GB\">per<\/span> <span lang=\"en-GB\">Day)<\/span><\/p>\n<table width=\"495\" cellspacing=\"0\" cellpadding=\"7\">\n<colgroup>\n<col width=\"40\" \/>\n<col width=\"214\" \/>\n<col width=\"197\" \/> <\/colgroup>\n<tbody>\n<tr valign=\"top\">\n<td width=\"40\" height=\"19\">\n<p class=\"western\" lang=\"lt-LT\"><b>EUR<\/b><b> <\/b><\/p>\n<\/td>\n<td width=\"214\"><\/td>\n<td width=\"197\"><\/td>\n<\/tr>\n<tr valign=\"top\">\n<td width=\"40\">\n<p class=\"western\" lang=\"lt-LT\" align=\"right\">3<\/p>\n<\/td>\n<td width=\"214\">\n<p class=\"western\" lang=\"lt-LT\">Pair of water proof back panniers \/<\/p>\n<p class=\"western\" lang=\"lt-LT\">Paar wasserdichte Packtaschen (f\u00fcr Gep\u00e4cktr\u00e4ger)<\/p>\n<p class=\"western\" lang=\"lt-LT\">ORTLIEB<\/p>\n<\/td>\n<td width=\"197\"><\/td>\n<\/tr>\n<tr valign=\"top\">\n<td width=\"40\" height=\"5\"><\/td>\n<td width=\"214\"><\/td>\n<td width=\"197\"><\/td>\n<\/tr>\n<tr valign=\"top\">\n<td width=\"40\" height=\"4\">\n<p class=\"western\" lang=\"lt-LT\" align=\"right\">3<\/p>\n<\/td>\n<td width=\"214\">\n<p class=\"western\" lang=\"lt-LT\">Children Seat \/<\/p>\n<p class=\"western\" lang=\"lt-LT\">Kindersitz<\/p>\n<\/td>\n<td width=\"197\"><\/td>\n<\/tr>\n<tr valign=\"top\">\n<td width=\"40\" height=\"4\"><\/td>\n<td width=\"214\"><\/td>\n<td width=\"197\"><\/td>\n<\/tr>\n<tr valign=\"top\">\n<td style=\"text-align: center;\" width=\"40\">\n<p class=\"western\" lang=\"lt-LT\" align=\"right\">12<\/p>\n<\/td>\n<td style=\"text-align: center;\" width=\"214\">\n<p class=\"western\" lang=\"lt-LT\">Bicycle Trailer \/<\/p>\n<p class=\"western\" lang=\"lt-LT\">Fahrradanh\u00e4nger<\/p>\n<p class=\"western\" lang=\"lt-LT\">WINTHER DOLPHIN<\/p>\n<\/td>\n<td style=\"text-align: center;\" width=\"197\"><\/td>\n<\/tr>\n<\/tbody>\n<\/table>\n<p lang=\"de-DE\" align=\"center\"><a name=\"_1075968147\"><\/a><\/p><\/div>","pwapp_post_content_type":"postprocessed","pwapp_preview_type":"excerpt","androapp_failover_post_content_type":"","share_text":"Price list \/ Preisliste\u00a0(2020) A Fahrradverleih \/ Bicycle rent PREMIUM Bicycle \/ Fahrrad \u20ac E-bike \/ Pedelec Anzahl Tage Rabatt pro Fahrrad Rabatt in Euro EUR EUR # of days discount per bike! Discount in Euro 18 35 24 hrs.\/ Std. 16 32 2-4 days\/ Tage 10 % 14 28 5-7 20 % 13 26. [&hellip;]\n\nvia https:\/\/velovilnius.lt\/balticcycle\/en\/price-list-rental-and-transportation-fees\/","supercache":"androappsupercache","featured_image":{"url":false},"post_categories":[{"id":14,"count":7,"description":"","name":"[:en]Bicycle rental[:de]Fahrradverleih[:]","slug":"rental","parent":11}],"post_tags":[],"post_author":"admin","post_author_avatar_urls":{"24":"https:\/\/secure.gravatar.com\/avatar\/b9db3db7b44d07cc869eb13533e034682ef5df97109b6a95acc79a320c1d6404?s=24&d=mm&r=g","48":"https:\/\/secure.gravatar.com\/avatar\/b9db3db7b44d07cc869eb13533e034682ef5df97109b6a95acc79a320c1d6404?s=48&d=mm&r=g","96":"https:\/\/secure.gravatar.com\/avatar\/b9db3db7b44d07cc869eb13533e034682ef5df97109b6a95acc79a320c1d6404?s=96&d=mm&r=g"},"post_comment_count":0,"image":false,"thumb":false,"thumb_medium":false,"images":{"medium_large":false,"1536x1536":false,"2048x2048":false,"woocommerce_thumbnail":false,"woocommerce_single":false,"woocommerce_gallery_thumbnail":false},"post_title":"[:de]Preisliste: Fahrradverleih und Extras[:en]Price list: bicycle rental and extras fees [:]","_links":{"self":[{"href":"https:\/\/velovilnius.lt\/balticcycle\/en\/wp-json\/wp\/v2\/posts\/1075","targetHints":{"allow":["GET"]}}],"collection":[{"href":"https:\/\/velovilnius.lt\/balticcycle\/en\/wp-json\/wp\/v2\/posts"}],"about":[{"href":"https:\/\/velovilnius.lt\/balticcycle\/en\/wp-json\/wp\/v2\/types\/post"}],"author":[{"embeddable":true,"href":"https:\/\/velovilnius.lt\/balticcycle\/en\/wp-json\/wp\/v2\/users\/1"}],"replies":[{"embeddable":true,"href":"https:\/\/velovilnius.lt\/balticcycle\/en\/wp-json\/wp\/v2\/comments?post=1075"}],"version-history":[{"count":0,"href":"https:\/\/velovilnius.lt\/balticcycle\/en\/wp-json\/wp\/v2\/posts\/1075\/revisions"}],"wp:attachment":[{"href":"https:\/\/velovilnius.lt\/balticcycle\/en\/wp-json\/wp\/v2\/media?parent=1075"}],"wp:term":[{"taxonomy":"category","embeddable":true,"href":"https:\/\/velovilnius.lt\/balticcycle\/en\/wp-json\/wp\/v2\/categories?post=1075"},{"taxonomy":"post_tag","embeddable":true,"href":"https:\/\/velovilnius.lt\/balticcycle\/en\/wp-json\/wp\/v2\/tags?post=1075"}],"curies":[{"name":"wp","href":"https:\/\/api.w.org\/{rel}","templated":true}]}}