{"id":773,"date":"2014-12-02T16:58:18","date_gmt":"2014-12-02T16:58:18","guid":{"rendered":"http:\/\/velovilnius.lt\/balticcycle\/?p=773"},"modified":"2015-01-22T11:57:08","modified_gmt":"2015-01-22T11:57:08","slug":"balticcycle-is-on-holidays-dec-2014","status":"publish","type":"post","link":"https:\/\/velovilnius.lt\/balticcycle\/de\/balticcycle-is-on-holidays-dec-2014\/","title":{"rendered":"BaltiCCycle macht Urlaub (Dez. 2014)"},"content":{"rendered":"<p><\/p>\n<p>\n\tHallo, miteinander!\n<\/p>\n<p>\n\tendlich machen auch wir mal Urlaub! Also dauert das Beantworten von Anfragen diesen Monat etwas l\u00e4nger. Geduld!\n<\/p>\n<p>\n\tDaf\u00fcr schaffe ich es vielleicht endlich mal wieder einen Rundbrief zu schreiben. Auf 2014\u00a0ist im Baltikum nat\u00fcrlich viel passiert\n<\/p>\n<p>\n\tBis dahin eine besinnliche Weihnachtszeit.\n<\/p>\n<p>\n\tFrank, Veronika und Klein Jonas\n<\/p>\n<p style=\"line-height: 20.7999992370605px;\">\n\t<img decoding=\"async\" alt=\"\" src=\"http:\/\/www.balticcycle.eu\/shop3\/modules\/blockstore\/2012-10-19%2017.41.06.jpg\" style=\"width: 250px; height: 188px;\" \/>\n<\/p>\n<p><\/p>","protected":false},"excerpt":{"rendered":"<p>Hallo, miteinander! endlich machen auch wir mal Urlaub! Also dauert das Beantworten von Anfragen diesen Monat etwas l\u00e4nger. Geduld! Daf\u00fcr schaffe ich es vielleicht endlich mal wieder einen Rundbrief zu schreiben. Auf 2014\u00a0ist im Baltikum nat\u00fcrlich viel passiert Bis dahin eine besinnliche Weihnachtszeit. Frank, Veronika und Klein Jonas<\/p>\n","protected":false},"author":1,"featured_media":646,"comment_status":"open","ping_status":"open","sticky":false,"template":"","format":"standard","meta":{"inline_featured_image":false,"site-sidebar-layout":"default","site-content-layout":"","ast-site-content-layout":"default","site-content-style":"default","site-sidebar-style":"default","ast-global-header-display":"","ast-banner-title-visibility":"","ast-main-header-display":"","ast-hfb-above-header-display":"","ast-hfb-below-header-display":"","ast-hfb-mobile-header-display":"","site-post-title":"","ast-breadcrumbs-content":"","ast-featured-img":"","footer-sml-layout":"","ast-disable-related-posts":"","theme-transparent-header-meta":"","adv-header-id-meta":"","stick-header-meta":"","header-above-stick-meta":"","header-main-stick-meta":"","header-below-stick-meta":"","astra-migrate-meta-layouts":"default","ast-page-background-enabled":"default","ast-page-background-meta":{"desktop":{"background-color":"","background-image":"","background-repeat":"repeat","background-position":"center center","background-size":"auto","background-attachment":"scroll","background-type":"","background-media":"","overlay-type":"","overlay-color":"","overlay-opacity":"","overlay-gradient":""},"tablet":{"background-color":"","background-image":"","background-repeat":"repeat","background-position":"center center","background-size":"auto","background-attachment":"scroll","background-type":"","background-media":"","overlay-type":"","overlay-color":"","overlay-opacity":"","overlay-gradient":""},"mobile":{"background-color":"","background-image":"","background-repeat":"repeat","background-position":"center center","background-size":"auto","background-attachment":"scroll","background-type":"","background-media":"","overlay-type":"","overlay-color":"","overlay-opacity":"","overlay-gradient":""}},"ast-content-background-meta":{"desktop":{"background-color":"var(--ast-global-color-5)","background-image":"","background-repeat":"repeat","background-position":"center center","background-size":"auto","background-attachment":"scroll","background-type":"","background-media":"","overlay-type":"","overlay-color":"","overlay-opacity":"","overlay-gradient":""},"tablet":{"background-color":"var(--ast-global-color-5)","background-image":"","background-repeat":"repeat","background-position":"center center","background-size":"auto","background-attachment":"scroll","background-type":"","background-media":"","overlay-type":"","overlay-color":"","overlay-opacity":"","overlay-gradient":""},"mobile":{"background-color":"var(--ast-global-color-5)","background-image":"","background-repeat":"repeat","background-position":"center center","background-size":"auto","background-attachment":"scroll","background-type":"","background-media":"","overlay-type":"","overlay-color":"","overlay-opacity":"","overlay-gradient":""}},"jetpack_post_was_ever_published":false,"_jetpack_newsletter_access":"","_jetpack_dont_email_post_to_subs":false,"_jetpack_newsletter_tier_id":0,"_jetpack_memberships_contains_paywalled_content":false,"_jetpack_memberships_contains_paid_content":false,"footnotes":"","jetpack_publicize_message":"","jetpack_publicize_feature_enabled":true,"jetpack_social_post_already_shared":true,"jetpack_social_options":{"image_generator_settings":{"template":"highway","default_image_id":0,"font":"","enabled":false},"version":2},"_links_to":"","_links_to_target":""},"categories":[17],"tags":[],"class_list":["post-773","post","type-post","status-publish","format-standard","has-post-thumbnail","hentry","category-news"],"featured_image_src":"https:\/\/velovilnius.lt\/balticcycle\/files\/2014\/02\/IMGP2714-640x429.jpg","blog_images":{"medium":"https:\/\/velovilnius.lt\/balticcycle\/files\/2014\/02\/IMGP2714-300x201.jpg","large":"https:\/\/velovilnius.lt\/balticcycle\/files\/2014\/02\/IMGP2714-640x429.jpg"},"ams_acf":[],"jetpack_publicize_connections":[],"jetpack_featured_media_url":"https:\/\/velovilnius.lt\/balticcycle\/files\/2014\/02\/IMGP2714.jpg","jetpack_shortlink":"https:\/\/wp.me\/p4oO1r-ct","jetpack_sharing_enabled":true,"jetpack-related-posts":[{"id":124,"url":"https:\/\/velovilnius.lt\/balticcycle\/de\/tallinn\/","url_meta":{"origin":773,"position":0},"title":"Tallinn","author":"admin","date":"Sonntag, 16UTCSun, 16 Aug 2009 10:38:07 +0000 16. August 2009","format":false,"excerpt":"\u00a0 \u00a0 in Tallinn \u00a0 citybike Tallinn offers: Overview of products for 2010 season: Bicycle rent:\u00a0NEW: GPS-can be added to bikecycles, new tandem bicycle Conference Bike:\u00a07-seat fun bike for companies, rent and tours (2 bikes) City Tours: \"The Original Bicycle sightseeing tour Welcome to Tallinn\", daily, all year round NEW!\u00a0Tallinn\u2026","rel":"","context":"In &quot;[:en]city tours by bicycle[:de]Stadttouren per Rad[:]&quot;","block_context":{"text":"[:en]city tours by bicycle[:de]Stadttouren per Rad[:]","link":"https:\/\/velovilnius.lt\/balticcycle\/de\/category\/contact\/partner\/citytours\/"},"img":{"alt_text":"","src":"","width":0,"height":0},"classes":[]},{"id":2776,"url":"https:\/\/velovilnius.lt\/balticcycle\/de\/lt3-lv3-changes-in-the-route\/","url_meta":{"origin":773,"position":1},"title":"[LT3\/LV3] changes in the route &#8230;","author":"admin","date":"Mittwoch, 08UTCWed, 08 Jan 2020 13:55:06 +0000  8. Januar 2020","format":false,"excerpt":"Leider ist der Eintrag nur auf English verf\u00fcgbar.","rel":"","context":"In \"[LT3] Auk\u0161taitija \/ Northeast Lithuania \/ Riga-Vilnius by bicycle\"","block_context":{"text":"[LT3] Auk\u0161taitija \/ Northeast Lithuania \/ Riga-Vilnius by bicycle","link":"https:\/\/velovilnius.lt\/balticcycle\/de\/tag\/lt3\/"},"img":{"alt_text":"","src":"","width":0,"height":0},"classes":[]},{"id":8,"url":"http:\/\/velovilnius.lt\/balticcycle\/contacts-news\/","url_meta":{"origin":773,"position":2},"title":"contact","author":"admin","date":"Dienstag, 05UTCTue, 05 Feb 2013 20:48:23 +0000  5. Februar 2013","format":false,"excerpt":"contact balticcycle","rel":"","context":"In \"1stpage\"","block_context":{"text":"1stpage","link":"https:\/\/velovilnius.lt\/balticcycle\/de\/tag\/1stpage\/"},"img":{"alt_text":"","src":"https:\/\/i0.wp.com\/velovilnius.lt\/balticcycle\/files\/2013\/02\/news1.png?resize=350%2C200&ssl=1","width":350,"height":200,"srcset":"https:\/\/i0.wp.com\/velovilnius.lt\/balticcycle\/files\/2013\/02\/news1.png?resize=350%2C200&ssl=1 1x, https:\/\/i0.wp.com\/velovilnius.lt\/balticcycle\/files\/2013\/02\/news1.png?resize=525%2C300&ssl=1 1.5x, https:\/\/i0.wp.com\/velovilnius.lt\/balticcycle\/files\/2013\/02\/news1.png?resize=700%2C400&ssl=1 2x, https:\/\/i0.wp.com\/velovilnius.lt\/balticcycle\/files\/2013\/02\/news1.png?resize=1050%2C600&ssl=1 3x"},"classes":[]},{"id":2738,"url":"https:\/\/velovilnius.lt\/balticcycle\/de\/cycle-map-latvia-2018-new-web-shop\/","url_meta":{"origin":773,"position":3},"title":"Neue Fahrradkarten f\u00fcr Lettland !","author":"admin","date":"Samstag, 15UTCSat, 15 Dec 2018 11:41:22 +0000 15. Dezember 2018","format":false,"excerpt":"Jetzt erh\u00e4ltlich in unserem Internetladen \u00a0(shop.balticcycle.eu) - die neue Lettische Fahrradkarte von \u00a02018 \u00a0Information, Bilder und Bestellung hier: (Beschreibung der Einfachheit auf Englisch, die Karte ist vollst\u00e4ndig auf Lettisch, aber ich \u00fcberlege ein Extrablatt mit Erkl\u00e4rungen auf Englisch zu machen) : http:\/\/www.balticcycle.eu\/shop3\/de\/home\/99-cycling-map-latvia.html \u00a0 Cycling Map Latvia Condition:New product new bike\u2026","rel":"","context":"In &quot;[:en]Web shop, mapshop[:de]Internetladen, Kartenladen[:]&quot;","block_context":{"text":"[:en]Web shop, mapshop[:de]Internetladen, Kartenladen[:]","link":"https:\/\/velovilnius.lt\/balticcycle\/de\/category\/service\/shop\/"},"img":{"alt_text":"","src":"https:\/\/i0.wp.com\/velovilnius.lt\/balticcycle\/files\/2018\/12\/Super_VM_1_karte.jpg?resize=350%2C200&ssl=1","width":350,"height":200,"srcset":"https:\/\/i0.wp.com\/velovilnius.lt\/balticcycle\/files\/2018\/12\/Super_VM_1_karte.jpg?resize=350%2C200&ssl=1 1x, https:\/\/i0.wp.com\/velovilnius.lt\/balticcycle\/files\/2018\/12\/Super_VM_1_karte.jpg?resize=525%2C300&ssl=1 1.5x, https:\/\/i0.wp.com\/velovilnius.lt\/balticcycle\/files\/2018\/12\/Super_VM_1_karte.jpg?resize=700%2C400&ssl=1 2x"},"classes":[]},{"id":837,"url":"http:\/\/velovilnius.lt\/balticcycle\/events-2\/estonia\/","url_meta":{"origin":773,"position":4},"title":"Radfahren in Estland (link)","author":"admin","date":"Montag, 23UTCMon, 23 Feb 2015 14:47:51 +0000 23. Februar 2015","format":false,"excerpt":"Radfahren (Velo fahren) in Estland \u201cEstonia is a paradise for cyclists\u201d claims Rein Lepik, the president of V\u00e4nta Aga cycling club in the city of Tartu. The good news: In Estonia there is a completely signed bicycle network: overview map (chlick here) See as well the seperate web page (unfortunately\u2026","rel":"","context":"In &quot;[:en]Information by countries[:de]Info nach L\u00e4ndern[:]&quot;","block_context":{"text":"[:en]Information by countries[:de]Info nach L\u00e4ndern[:]","link":"https:\/\/velovilnius.lt\/balticcycle\/de\/category\/routes\/countries\/"},"img":{"alt_text":"","src":"https:\/\/i0.wp.com\/velovilnius.lt\/balticcycle\/files\/2013\/09\/111.jpg?resize=350%2C200&ssl=1","width":350,"height":200},"classes":[]},{"id":6956,"url":"https:\/\/velovilnius.lt\/balticcycle\/de\/public-transport-and-bicycle-in-estonia\/","url_meta":{"origin":773,"position":5},"title":"Public transport and bicycle in Estonia","author":"admin","date":"Samstag, 07UTCSat, 07 Aug 2021 21:33:17 +0000  7. August 2021","format":false,"excerpt":"Leider ist der Eintrag nur auf English verf\u00fcgbar.","rel":"","context":"In &quot;[:en]Contacts and News[:de]Kontakte und Neuigkeiten[:]&quot;","block_context":{"text":"[:en]Contacts and News[:de]Kontakte und Neuigkeiten[:]","link":"https:\/\/velovilnius.lt\/balticcycle\/de\/category\/contact\/"},"img":{"alt_text":"","src":"https:\/\/i0.wp.com\/velovilnius.lt\/balticcycle\/files\/2021\/08\/valkrp60c4995d36c06.jpg?resize=350%2C200&ssl=1","width":350,"height":200,"srcset":"https:\/\/i0.wp.com\/velovilnius.lt\/balticcycle\/files\/2021\/08\/valkrp60c4995d36c06.jpg?resize=350%2C200&ssl=1 1x, https:\/\/i0.wp.com\/velovilnius.lt\/balticcycle\/files\/2021\/08\/valkrp60c4995d36c06.jpg?resize=525%2C300&ssl=1 1.5x, https:\/\/i0.wp.com\/velovilnius.lt\/balticcycle\/files\/2021\/08\/valkrp60c4995d36c06.jpg?resize=700%2C400&ssl=1 2x"},"classes":[]}],"jetpack_likes_enabled":true,"pwapp_after_post_content":"","pwapp_before_post_content":"","androapp_header":"","pwapp_author":{"ID":1,"name":"admin","slug":"admin"},"pwapp_terms":{"category":[{"term_id":17,"name":"[:en]News (Blog)[:de]Neuigkeiten (Blog)[:]","slug":"news","term_group":0,"term_taxonomy_id":17,"taxonomy":"category","description":"","parent":16,"count":31,"filter":"raw","i18n_config":{"name":{"ts":{"en":"[:en]News (Blog)[:de]Neuigkeiten (Blog)[:]"}}},"cat_ID":17,"category_count":31,"category_description":"","cat_name":"[:en]News (Blog)[:de]Neuigkeiten (Blog)[:]","category_nicename":"news","category_parent":16,"ID":17}]},"pwapp_feed_image_dimension_type":"preview","featuredimage":"https:\/\/velovilnius.lt\/balticcycle\/files\/2014\/02\/IMGP2714-100x67.jpg","pwapp_post_image":"https:\/\/velovilnius.lt\/balticcycle\/files\/2014\/02\/IMGP2714-100x67.jpg","share_image":"https:\/\/velovilnius.lt\/balticcycle\/files\/2014\/02\/IMGP2714-100x67.jpg","featured_image_showhide":"show","featured_image":{"url":"https:\/\/velovilnius.lt\/balticcycle\/files\/2014\/02\/IMGP2714-640x372.jpg"},"pwapp_excerpt":"<p>Hallo, miteinander! endlich machen auch wir mal Urlaub! Also dauert das Beantworten von Anfragen diesen Monat etwas l\u00e4nger. Geduld! Daf\u00fcr schaffe ich es vielleicht endlich mal wieder einen Rundbrief zu schreiben. Auf 2014\u00a0ist im Baltikum nat\u00fcrlich viel passiert Bis dahin eine besinnliche Weihnachtszeit. Frank, Veronika und Klein Jonas<\/p>\n","pwapp_title":"BaltiCCycle macht Urlaub (Dez. 2014)","androapp_image_list":[{"src":"http:\/\/www.balticcycle.eu\/shop3\/modules\/blockstore\/2012-10-19%2017.41.06.jpg","height":200}],"pwapp_post_content":"<style type=\"text\/css\">androapp img{\r\n    max-width: 100%;\r\n    height: auto;\r\n}\r\niframe{\r\n    max-width: 100%;    \r\n}\r\nfigure {\r\n    max-width: 100%;\r\n    height: auto;\r\n}\r\nimg{\r\n    max-width: 100% !important;\r\n    height: auto;\r\n}\r\ndiv {\r\n    max-width: 100% !important;\r\n}\r\nspan {\r\n    max-width:100%;\r\n    overflow: auto;\r\n}\r\naudio {\r\n    display:block;\r\n    visibility:visible !important;\r\n}\r\nvideo{\r\n    width:100%;\r\n    height:auto;\r\n}\r\n<\/style><div class='androapp'><p><\/p>\n<p>\n\tHallo, miteinander!\n<\/p>\n<p>\n\tendlich machen auch wir mal Urlaub! Also dauert das Beantworten von Anfragen diesen Monat etwas l\u00e4nger. Geduld!\n<\/p>\n<p>\n\tDaf\u00fcr schaffe ich es vielleicht endlich mal wieder einen Rundbrief zu schreiben. Auf 2014\u00a0ist im Baltikum nat\u00fcrlich viel passiert\n<\/p>\n<p>\n\tBis dahin eine besinnliche Weihnachtszeit.\n<\/p>\n<p>\n\tFrank, Veronika und Klein Jonas\n<\/p>\n<p style=\"line-height: 20.7999992370605px;\">\n\t<img decoding=\"async\" alt=\"\" src=\"http:\/\/www.balticcycle.eu\/shop3\/modules\/blockstore\/2012-10-19%2017.41.06.jpg\" style=\"width: 250px; height: 188px;\" \/>\n<\/p>\n<p><\/p><\/div>","pwapp_post_content_type":"postprocessed","pwapp_preview_type":"excerpt","androapp_failover_post_content_type":"","share_text":"BaltiCCycle macht Urlaub (Dez. 2014)\nvia https:\/\/velovilnius.lt\/balticcycle\/de\/balticcycle-is-on-holidays-dec-2014\/","supercache":"androappsupercache","post_categories":[{"id":17,"count":31,"description":"","name":"[:en]News (Blog)[:de]Neuigkeiten (Blog)[:]","slug":"news","parent":16}],"post_tags":[],"post_author":"admin","post_author_avatar_urls":{"24":"https:\/\/secure.gravatar.com\/avatar\/b9db3db7b44d07cc869eb13533e034682ef5df97109b6a95acc79a320c1d6404?s=24&d=mm&r=g","48":"https:\/\/secure.gravatar.com\/avatar\/b9db3db7b44d07cc869eb13533e034682ef5df97109b6a95acc79a320c1d6404?s=48&d=mm&r=g","96":"https:\/\/secure.gravatar.com\/avatar\/b9db3db7b44d07cc869eb13533e034682ef5df97109b6a95acc79a320c1d6404?s=96&d=mm&r=g"},"post_comment_count":0,"image":"https:\/\/velovilnius.lt\/balticcycle\/files\/2014\/02\/IMGP2714-640x372.jpg","thumb":"https:\/\/velovilnius.lt\/balticcycle\/files\/2014\/02\/IMGP2714-100x67.jpg","thumb_medium":"https:\/\/velovilnius.lt\/balticcycle\/files\/2014\/02\/IMGP2714-300x201.jpg","images":{"medium_large":"https:\/\/velovilnius.lt\/balticcycle\/files\/2014\/02\/IMGP2714.jpg","1536x1536":"https:\/\/velovilnius.lt\/balticcycle\/files\/2014\/02\/IMGP2714.jpg","2048x2048":"https:\/\/velovilnius.lt\/balticcycle\/files\/2014\/02\/IMGP2714.jpg","woocommerce_thumbnail":"https:\/\/velovilnius.lt\/balticcycle\/files\/2014\/02\/IMGP2714-200x200.jpg","woocommerce_single":"https:\/\/velovilnius.lt\/balticcycle\/files\/2014\/02\/IMGP2714.jpg","woocommerce_gallery_thumbnail":"https:\/\/velovilnius.lt\/balticcycle\/files\/2014\/02\/IMGP2714-100x100.jpg"},"post_title":"<!--:de-->BaltiCCycle macht Urlaub (Dez. 2014)<!--:--><!--:en-->BaltiCCycle is on holidays (Dec. 2014)<!--:-->","_links":{"self":[{"href":"https:\/\/velovilnius.lt\/balticcycle\/de\/wp-json\/wp\/v2\/posts\/773","targetHints":{"allow":["GET"]}}],"collection":[{"href":"https:\/\/velovilnius.lt\/balticcycle\/de\/wp-json\/wp\/v2\/posts"}],"about":[{"href":"https:\/\/velovilnius.lt\/balticcycle\/de\/wp-json\/wp\/v2\/types\/post"}],"author":[{"embeddable":true,"href":"https:\/\/velovilnius.lt\/balticcycle\/de\/wp-json\/wp\/v2\/users\/1"}],"replies":[{"embeddable":true,"href":"https:\/\/velovilnius.lt\/balticcycle\/de\/wp-json\/wp\/v2\/comments?post=773"}],"version-history":[{"count":4,"href":"https:\/\/velovilnius.lt\/balticcycle\/de\/wp-json\/wp\/v2\/posts\/773\/revisions"}],"predecessor-version":[{"id":777,"href":"https:\/\/velovilnius.lt\/balticcycle\/de\/wp-json\/wp\/v2\/posts\/773\/revisions\/777"}],"wp:featuredmedia":[{"embeddable":true,"href":"https:\/\/velovilnius.lt\/balticcycle\/de\/wp-json\/wp\/v2\/media\/646"}],"wp:attachment":[{"href":"https:\/\/velovilnius.lt\/balticcycle\/de\/wp-json\/wp\/v2\/media?parent=773"}],"wp:term":[{"taxonomy":"category","embeddable":true,"href":"https:\/\/velovilnius.lt\/balticcycle\/de\/wp-json\/wp\/v2\/categories?post=773"},{"taxonomy":"post_tag","embeddable":true,"href":"https:\/\/velovilnius.lt\/balticcycle\/de\/wp-json\/wp\/v2\/tags?post=773"}],"curies":[{"name":"wp","href":"https:\/\/api.w.org\/{rel}","templated":true}]}}