{"id":2323,"date":"2018-01-03T09:26:28","date_gmt":"2018-01-03T09:26:28","guid":{"rendered":"http:\/\/velovilnius.lt\/balticcycle\/?p=2323"},"modified":"2019-01-03T11:21:05","modified_gmt":"2019-01-03T11:21:05","slug":"welcome-2018-heres-small-review-pictures-2017","status":"publish","type":"post","link":"https:\/\/velovilnius.lt\/balticcycle\/de\/welcome-2018-heres-small-review-pictures-2017\/","title":{"rendered":"Ein Willkommensgru\u00df f\u00fcr das Jahr 2018! Und ein kleiner R\u00fcckblick mit Fotos von 2017 &#8230;"},"content":{"rendered":"<div><\/div>\n<div>\n<p><img loading=\"lazy\" decoding=\"async\" src=\"http:\/\/velovilnius.lt\/wp-content\/uploads\/2018\/01\/PhotoGrid_1514870989289-1024x1024.jpg\" alt=\"\" width=\"1024\" height=\"1024\" \/><\/p>\n<p>Ein Dank und Gr\u00fc\u00dfe an alle die mit uns 2017 waren. Wir hoffen es hat euch ebenso gefallen wie uns und wir sehen uns bald wieder.<\/p>\n<p>Wie immer werde ich mich im Winter bem\u00fchen. mehr Ordnung auf dieser Interseite zu schaffen und die Informationen zum Radfahren in Est.Lett.Litland auf den neuesten Stand zu bringen&#8230;<\/p>\n<p><strong>Das Team von\u00a0 Velo-City Vilnius \/ BaltiCCycle.eu\u00a0<\/strong><\/p>\n<p><strong>Frankas, Veronika,\u00a0 Klein Jonas, Rasak und Saulius<\/strong><\/p>\n<p>P.S.: Wir sind immer noch hier. Und auch unsere Fahrr\u00e4der.<br \/>\nBis M\u00e4rz bitten wir nur darum , einen Termin auszumachen!<\/p>\n<p>Im April sind wir dann wieder t\u00e4glich f\u00fcr Euch da. Bis dahin m\u00fcsst Ihr einfach mal nachfragen wenn ihr ein Fahrrad ausleihen oder reparieren wollt.<\/p>\n<p>Und hier eine Auswahl von Bildern von\u00a0 Velo-City Vilnius oder VILNIUS BIKE TOURS AND RENTAL im Jahre\u00a0 2017<\/p>\n<p><a href=\"https:\/\/photos.app.goo.gl\/bU3B0dDI16FghiMn2\" target=\"_blank\" rel=\"noopener\">https:\/\/photos.app.goo.gl\/bU3B0dDI16FghiMn2<\/a><\/p>\n[telaalbums album=&#8220;Velo-city Vilnius 2017 VILNIUS BIKE TOURS AND RENTAL&#8220;]\n<p>And here&#8217;re what I still want to work on until the Summer season (wait for updates \ud83d\ude42<\/p>\n<p>* Cycling in Latvia (balticcycle.eu\/routes)<\/p>\n<p>* Vilnius bike routes (vilniusvilnius.lt\/bikemap)<\/p>\n<\/div>\n\n<\/li>\n<\/ul>","protected":false},"excerpt":{"rendered":"<p>Ein Dank und Gr\u00fc\u00dfe an alle die mit uns 2017 waren. Wir hoffen es hat euch ebenso gefallen wie uns und wir sehen uns bald wieder. Wie immer werde ich mich im Winter bem\u00fchen. mehr Ordnung auf dieser Interseite zu schaffen und die Informationen zum Radfahren in Est.Lett.Litland auf den neuesten Stand zu bringen&#8230; Das [&hellip;]<\/p>\n","protected":false},"author":1,"featured_media":2321,"comment_status":"closed","ping_status":"closed","sticky":false,"template":"","format":"standard","meta":{"inline_featured_image":false,"site-sidebar-layout":"default","site-content-layout":"","ast-site-content-layout":"default","site-content-style":"default","site-sidebar-style":"default","ast-global-header-display":"","ast-banner-title-visibility":"","ast-main-header-display":"","ast-hfb-above-header-display":"","ast-hfb-below-header-display":"","ast-hfb-mobile-header-display":"","site-post-title":"","ast-breadcrumbs-content":"","ast-featured-img":"","footer-sml-layout":"","ast-disable-related-posts":"","theme-transparent-header-meta":"","adv-header-id-meta":"","stick-header-meta":"","header-above-stick-meta":"","header-main-stick-meta":"","header-below-stick-meta":"","astra-migrate-meta-layouts":"default","ast-page-background-enabled":"default","ast-page-background-meta":{"desktop":{"background-color":"","background-image":"","background-repeat":"repeat","background-position":"center center","background-size":"auto","background-attachment":"scroll","background-type":"","background-media":"","overlay-type":"","overlay-color":"","overlay-opacity":"","overlay-gradient":""},"tablet":{"background-color":"","background-image":"","background-repeat":"repeat","background-position":"center center","background-size":"auto","background-attachment":"scroll","background-type":"","background-media":"","overlay-type":"","overlay-color":"","overlay-opacity":"","overlay-gradient":""},"mobile":{"background-color":"","background-image":"","background-repeat":"repeat","background-position":"center center","background-size":"auto","background-attachment":"scroll","background-type":"","background-media":"","overlay-type":"","overlay-color":"","overlay-opacity":"","overlay-gradient":""}},"ast-content-background-meta":{"desktop":{"background-color":"var(--ast-global-color-5)","background-image":"","background-repeat":"repeat","background-position":"center center","background-size":"auto","background-attachment":"scroll","background-type":"","background-media":"","overlay-type":"","overlay-color":"","overlay-opacity":"","overlay-gradient":""},"tablet":{"background-color":"var(--ast-global-color-5)","background-image":"","background-repeat":"repeat","background-position":"center center","background-size":"auto","background-attachment":"scroll","background-type":"","background-media":"","overlay-type":"","overlay-color":"","overlay-opacity":"","overlay-gradient":""},"mobile":{"background-color":"var(--ast-global-color-5)","background-image":"","background-repeat":"repeat","background-position":"center center","background-size":"auto","background-attachment":"scroll","background-type":"","background-media":"","overlay-type":"","overlay-color":"","overlay-opacity":"","overlay-gradient":""}},"jetpack_post_was_ever_published":false,"_jetpack_newsletter_access":"","_jetpack_dont_email_post_to_subs":false,"_jetpack_newsletter_tier_id":0,"_jetpack_memberships_contains_paywalled_content":false,"_jetpack_memberships_contains_paid_content":false,"footnotes":"","jetpack_publicize_message":"","jetpack_publicize_feature_enabled":true,"jetpack_social_post_already_shared":true,"jetpack_social_options":{"image_generator_settings":{"template":"highway","default_image_id":0,"font":"","enabled":false},"version":2},"_links_to":"","_links_to_target":""},"categories":[17],"tags":[],"class_list":["post-2323","post","type-post","status-publish","format-standard","has-post-thumbnail","hentry","category-news"],"featured_image_src":"https:\/\/velovilnius.lt\/balticcycle\/files\/2018\/01\/PhotoGrid_1514870989289-1024x1024.jpg","blog_images":{"medium":"https:\/\/velovilnius.lt\/balticcycle\/files\/2018\/01\/PhotoGrid_1514870989289-300x300.jpg","large":"https:\/\/velovilnius.lt\/balticcycle\/files\/2018\/01\/PhotoGrid_1514870989289-1024x1024.jpg"},"ams_acf":[],"jetpack_publicize_connections":[],"jetpack_featured_media_url":"https:\/\/velovilnius.lt\/balticcycle\/files\/2018\/01\/PhotoGrid_1514870989289.jpg","jetpack_shortlink":"https:\/\/wp.me\/p4oO1r-Bt","jetpack_sharing_enabled":true,"jetpack-related-posts":[{"id":167,"url":"https:\/\/velovilnius.lt\/balticcycle\/de\/estonia-more-background\/","url_meta":{"origin":2323,"position":0},"title":"Estonia. Old information and links (not updated)","author":"admin","date":"Samstag, 17UTCSat, 17 Aug 2013 11:19:59 +0000 17. August 2013","format":false,"excerpt":"state tourism department (over 40 hints for cycling)\u00a0 www.visitestonia.com \u00a0 Tourism info Www.visitestonia.com www.investinestonia.com \u00a0 www.turismiweb.ee www.maaturism.ee \u00a0 www.vm.ee (Au\u00dfenministerium \/ Ministry for Foreign Affairs) www.riik.ee \u00a0 www.viroweb.com www.balticswordwide.com www.culture.ee www.festivals.ee www.estonica.org www.laulupidu.ee www.estoniantheatre.info www.estmusic.vom www.kunstikeskus.ee www.estlit.ee www.piletilevi.ee www.einst.ee www.dki.tartu.eee www.mois.ee Natur\u2019 www.envir.ee www.elfond.ee www.rmk.ee www.ecotourism.ee www.matkkaliit.ee www.looduseomnibuss.ee www.soomaa.ee www.lahemaa.ee\u2026","rel":"","context":"In \"[:en]Cycling in Estonia[:de]Radfahren in Estland[:]\"","block_context":{"text":"[:en]Cycling in Estonia[:de]Radfahren in Estland[:]","link":"https:\/\/velovilnius.lt\/balticcycle\/de\/tag\/estonia\/"},"img":{"alt_text":"","src":"http:\/\/wiki.dviratis.lt\/show_image.php?id=78","width":350,"height":200,"srcset":"http:\/\/wiki.dviratis.lt\/show_image.php?id=78 1x, http:\/\/wiki.dviratis.lt\/show_image.php?id=78 1.5x"},"classes":[]},{"id":311,"url":"https:\/\/velovilnius.lt\/balticcycle\/de\/deutsch-ee1-estnische-kustenroute\/","url_meta":{"origin":2323,"position":1},"title":"EE1: Estnische K\u00fcstenroute (Nationale Fahrradroute Nr. 1, EuroVelo 10 und 13)","author":"admin","date":"Mittwoch, 04UTCWed, 04 Sep 2013 09:00:57 +0000  4. September 2013","format":false,"excerpt":"http:\/\/www.openstreetmap.org\/?relation=122848 http:\/\/cycling.waymarkedtrails.org\/en\/relation\/122848?zoom=7&lat=58.77604&lon=25.05687&hill=1&route=1 \u00a0 \u00a0 \u00a0 [EE1] - National Route No. 1 \/ Nationale Estnische Fahrradroute Nr. 1 coastal route \/ die K\u00fcstenroute Die Estnische Fahrradroute Nr. 1 verl\u00e4uft die K\u00fcste Estlands entlang. Sie ist ein Abschnitt der geplanten Radroute EuroVelo Nr. 10, rund um die Ostsee (\"Hansering\"). aus Richtung Lettland\u2026","rel":"","context":"In \"[:en]Cycling in Estonia[:de]Radfahren in Estland[:]\"","block_context":{"text":"[:en]Cycling in Estonia[:de]Radfahren in Estland[:]","link":"https:\/\/velovilnius.lt\/balticcycle\/de\/tag\/estonia\/"},"img":{"alt_text":"","src":"https:\/\/i0.wp.com\/velovilnius.lt\/balticcycle\/files\/2013\/09\/109.jpg?resize=350%2C200&ssl=1","width":350,"height":200},"classes":[]},{"id":70,"url":"https:\/\/wp.me\/P4oO1r-Fq","url_meta":{"origin":2323,"position":2},"title":"[LT1] Dz\u016bkija: Vilnius-Poland","author":"admin","date":"Mittwoch, 15UTCWed, 15 Aug 2012 10:23:28 +0000 15. August 2012","format":false,"excerpt":"[toc] \u00a0 [LT1] Dz\u016bkija: Vilnius-Polen per Rad \u00a0 Pictures of this region \u00a0 \u00a0 [LT1] Dzukija: The South East \/ der S\u00fcdosten {{picLT1}} First - leave Vilnius to the Famous water castle of Trakai. Then, turn South. You will cross the hilly land of the\u00a0Regional park Au\u0161tadvaris\u00a0(and you will see,\u2026","rel":"","context":"In &quot;[:en]BaltiCCycle Routes in Lithuanai, Latvia, Estonia[:de]BaltiCCycle.eu Fahrradrouten in Litauen, Lettland, Estland[:]&quot;","block_context":{"text":"[:en]BaltiCCycle Routes in Lithuanai, Latvia, Estonia[:de]BaltiCCycle.eu Fahrradrouten in Litauen, Lettland, Estland[:]","link":"https:\/\/velovilnius.lt\/balticcycle\/de\/category\/routes\/bcroutes\/"},"img":{"alt_text":"","src":"https:\/\/i0.wp.com\/velovilnius.lt\/balticcycle\/files\/2019\/11\/LT1m.png?resize=350%2C200&ssl=1","width":350,"height":200,"srcset":"https:\/\/i0.wp.com\/velovilnius.lt\/balticcycle\/files\/2019\/11\/LT1m.png?resize=350%2C200&ssl=1 1x, https:\/\/i0.wp.com\/velovilnius.lt\/balticcycle\/files\/2019\/11\/LT1m.png?resize=525%2C300&ssl=1 1.5x, https:\/\/i0.wp.com\/velovilnius.lt\/balticcycle\/files\/2019\/11\/LT1m.png?resize=700%2C400&ssl=1 2x, https:\/\/i0.wp.com\/velovilnius.lt\/balticcycle\/files\/2019\/11\/LT1m.png?resize=1050%2C600&ssl=1 3x, https:\/\/i0.wp.com\/velovilnius.lt\/balticcycle\/files\/2019\/11\/LT1m.png?resize=1400%2C800&ssl=1 4x"},"classes":[]},{"id":2670,"url":"https:\/\/velovilnius.lt\/balticcycle\/de\/ein-gedicht-uber-estland\/","url_meta":{"origin":2323,"position":3},"title":"Ein Gedicht \u00fcber Estland &#8230;","author":"admin","date":"Mittwoch, 07UTCWed, 07 Nov 2018 09:01:27 +0000  7. November 2018","format":false,"excerpt":"Ein Land schlicht und sch\u00f6n Ein Land schlicht und sch\u00f6n \u2013 der Ausdruck passt zu ganz Estland, doch am besten beschreibt er die abgelegenen Gebiete im S\u00fcden. Hier k\u00f6nnen wir unber\u00fchrte Natur, aufstrebende Bauernh\u00f6fe, idyllische St\u00e4dte und alte Kulturtraditionen genie\u00dfen. Machen wir zun\u00e4chst eine Zeitreise durch historische Schaupl\u00e4tze, um die\u2026","rel":"","context":"\u00c4hnlicher Beitrag","block_context":{"text":"\u00c4hnlicher Beitrag","link":""},"img":{"alt_text":"","src":"","width":0,"height":0},"classes":[]},{"id":1450,"url":"https:\/\/velovilnius.lt\/balticcycle\/de\/general-presentation-cycling-estonia\/","url_meta":{"origin":2323,"position":4},"title":"Allgemeine Vorstellung: Radfahren in Estland","author":"admin","date":"Dienstag, 24UTCTue, 24 Jan 2017 19:50:48 +0000 24. Januar 2017","format":false,"excerpt":"Estland ... ist das leere Land: Gerade mal 1,5 Millionen Menschen leben in einem Land so gro\u00df wie die Niederlande. Die schroffe K\u00fcste mit den unz\u00e4hligen Inseln (Radroute Nr. 1) und die W\u00e4lder im S\u00fcden (Radroute Nr. 3\/4)sind es, die einladen. Burgen, Kl\u00f6ster und ihre Ruinen aus dem Mittelalter s\u00e4umen\u2026","rel":"","context":"In \"[:en]Cycling in Estonia[:de]Radfahren in Estland[:]\"","block_context":{"text":"[:en]Cycling in Estonia[:de]Radfahren in Estland[:]","link":"https:\/\/velovilnius.lt\/balticcycle\/de\/tag\/estonia\/"},"img":{"alt_text":"","src":"https:\/\/i0.wp.com\/www.bicycle.lt\/repository\/documents\/infopics\/EEnatNetCol.jpg?resize=350%2C200","width":350,"height":200,"srcset":"https:\/\/i0.wp.com\/www.bicycle.lt\/repository\/documents\/infopics\/EEnatNetCol.jpg?resize=350%2C200 1x, https:\/\/i0.wp.com\/www.bicycle.lt\/repository\/documents\/infopics\/EEnatNetCol.jpg?resize=525%2C300 1.5x, https:\/\/i0.wp.com\/www.bicycle.lt\/repository\/documents\/infopics\/EEnatNetCol.jpg?resize=700%2C400 2x, https:\/\/i0.wp.com\/www.bicycle.lt\/repository\/documents\/infopics\/EEnatNetCol.jpg?resize=1050%2C600 3x, https:\/\/i0.wp.com\/www.bicycle.lt\/repository\/documents\/infopics\/EEnatNetCol.jpg?resize=1400%2C800 4x"},"classes":[]},{"id":69,"url":"https:\/\/velovilnius.lt\/balticcycle\/de\/warszawa-vilnius\/","url_meta":{"origin":2323,"position":5},"title":"[LT1] Warschau-Vilnius (Wilna) per Fahrrad","author":"admin","date":"Sonntag, 15UTCSun, 15 Apr 2018 10:06:31 +0000 15. April 2018","format":false,"excerpt":"Route for GPS: https:\/\/cycling.waymarkedtrails.org\/#route?id=2766981&map=5!53.4415!23.8162 [shashin type=\"album\" id=\"56\" size=\"medium\"] .... Der Osten an der Grenze zu Wei\u00dfrussland ist schon von reiner Natur gepr\u00e4gt: W\u00e4lder und Fl\u00fcsse.\u00a0 So ist es nicht verwunderlich, dass hier einige Nationalparks liegen (Wigry und in Polen, Dzukija in Litauen. Diese Gegend ist sicherlich weniger touristisch als andere\u2026","rel":"","context":"In &quot;[:en]BaltiCCycle Routes in Lithuanai, Latvia, Estonia[:de]BaltiCCycle.eu Fahrradrouten in Litauen, Lettland, Estland[:]&quot;","block_context":{"text":"[:en]BaltiCCycle Routes in Lithuanai, Latvia, Estonia[:de]BaltiCCycle.eu Fahrradrouten in Litauen, Lettland, Estland[:]","link":"https:\/\/velovilnius.lt\/balticcycle\/de\/category\/routes\/bcroutes\/"},"img":{"alt_text":"","src":"https:\/\/i0.wp.com\/velovilnius.lt\/balticcycle\/files\/2017\/02\/WV_k03_0WV_virselis_priekis-copy.jpg?resize=350%2C200&ssl=1","width":350,"height":200},"classes":[]}],"jetpack_likes_enabled":true,"pwapp_after_post_content":"","pwapp_before_post_content":"","androapp_header":"","pwapp_author":{"ID":1,"name":"admin","slug":"admin"},"pwapp_terms":{"category":[{"term_id":17,"name":"[:en]News (Blog)[:de]Neuigkeiten (Blog)[:]","slug":"news","term_group":0,"term_taxonomy_id":17,"taxonomy":"category","description":"","parent":16,"count":31,"filter":"raw","i18n_config":{"name":{"ts":{"en":"[:en]News (Blog)[:de]Neuigkeiten (Blog)[:]"}}},"cat_ID":17,"category_count":31,"category_description":"","cat_name":"[:en]News (Blog)[:de]Neuigkeiten (Blog)[:]","category_nicename":"news","category_parent":16,"ID":17}]},"pwapp_feed_image_dimension_type":"preview","featuredimage":"https:\/\/velovilnius.lt\/balticcycle\/files\/2018\/01\/PhotoGrid_1514870989289-100x100.jpg","pwapp_post_image":"https:\/\/velovilnius.lt\/balticcycle\/files\/2018\/01\/PhotoGrid_1514870989289-100x100.jpg","share_image":"https:\/\/velovilnius.lt\/balticcycle\/files\/2018\/01\/PhotoGrid_1514870989289-100x100.jpg","featured_image_showhide":"show","featured_image":{"url":"https:\/\/velovilnius.lt\/balticcycle\/files\/2018\/01\/PhotoGrid_1514870989289-672x372.jpg"},"pwapp_excerpt":"<p>Ein Dank und Gr\u00fc\u00dfe an alle die mit uns 2017 waren. Wir hoffen es hat euch ebenso gefallen wie uns und wir sehen uns bald wieder. Wie immer werde ich mich im Winter bem\u00fchen. mehr Ordnung auf dieser Interseite zu schaffen und die Informationen zum Radfahren in Est.Lett.Litland auf den neuesten Stand zu bringen&#8230; Das [&hellip;]<\/p>\n","pwapp_title":"Ein Willkommensgru\u00df f\u00fcr das Jahr 2018! Und ein kleiner R\u00fcckblick mit Fotos von 2017 &#8230;","androapp_image_list":[{"src":"http:\/\/velovilnius.lt\/wp-content\/uploads\/2018\/01\/PhotoGrid_1514870989289-1024x1024.jpg","height":200}],"pwapp_post_content":"<style type=\"text\/css\">androapp img{\r\n    max-width: 100%;\r\n    height: auto;\r\n}\r\niframe{\r\n    max-width: 100%;    \r\n}\r\nfigure {\r\n    max-width: 100%;\r\n    height: auto;\r\n}\r\nimg{\r\n    max-width: 100% !important;\r\n    height: auto;\r\n}\r\ndiv {\r\n    max-width: 100% !important;\r\n}\r\nspan {\r\n    max-width:100%;\r\n    overflow: auto;\r\n}\r\naudio {\r\n    display:block;\r\n    visibility:visible !important;\r\n}\r\nvideo{\r\n    width:100%;\r\n    height:auto;\r\n}\r\n<\/style><div class='androapp'><div><\/div>\n<div>\n<p><img loading=\"lazy\" decoding=\"async\" src=\"http:\/\/velovilnius.lt\/wp-content\/uploads\/2018\/01\/PhotoGrid_1514870989289-1024x1024.jpg\" alt=\"\" width=\"1024\" height=\"1024\" \/><\/p>\n<p>Ein Dank und Gr\u00fc\u00dfe an alle die mit uns 2017 waren. Wir hoffen es hat euch ebenso gefallen wie uns und wir sehen uns bald wieder.<\/p>\n<p>Wie immer werde ich mich im Winter bem\u00fchen. mehr Ordnung auf dieser Interseite zu schaffen und die Informationen zum Radfahren in Est.Lett.Litland auf den neuesten Stand zu bringen&#8230;<\/p>\n<p><strong>Das Team von\u00a0 Velo-City Vilnius \/ BaltiCCycle.eu\u00a0<\/strong><\/p>\n<p><strong>Frankas, Veronika,\u00a0 Klein Jonas, Rasak und Saulius<\/strong><\/p>\n<p>P.S.: Wir sind immer noch hier. Und auch unsere Fahrr\u00e4der.<br \/>\nBis M\u00e4rz bitten wir nur darum , einen Termin auszumachen!<\/p>\n<p>Im April sind wir dann wieder t\u00e4glich f\u00fcr Euch da. Bis dahin m\u00fcsst Ihr einfach mal nachfragen wenn ihr ein Fahrrad ausleihen oder reparieren wollt.<\/p>\n<p>Und hier eine Auswahl von Bildern von\u00a0 Velo-City Vilnius oder VILNIUS BIKE TOURS AND RENTAL im Jahre\u00a0 2017<\/p>\n<p><a href=\"https:\/\/photos.app.goo.gl\/bU3B0dDI16FghiMn2\" target=\"_blank\" rel=\"noopener\">https:\/\/photos.app.goo.gl\/bU3B0dDI16FghiMn2<\/a><\/p>\n[telaalbums album=&#8220;Velo-city Vilnius 2017 VILNIUS BIKE TOURS AND RENTAL&#8220;]\n<p>And here&#8217;re what I still want to work on until the Summer season (wait for updates \ud83d\ude42<\/p>\n<p>* Cycling in Latvia (balticcycle.eu\/routes)<\/p>\n<p>* Vilnius bike routes (vilniusvilnius.lt\/bikemap)<\/p>\n<\/div>\n\n<\/li>\n<\/ul><\/div>","pwapp_post_content_type":"postprocessed","pwapp_preview_type":"excerpt","androapp_failover_post_content_type":"","share_text":"Ein Willkommensgru\u00df f\u00fcr das Jahr 2018! Und ein kleiner R\u00fcckblick mit Fotos von 2017 &#8230;\nvia https:\/\/velovilnius.lt\/balticcycle\/de\/welcome-2018-heres-small-review-pictures-2017\/","supercache":"androappsupercache","post_categories":[{"id":17,"count":31,"description":"","name":"[:en]News (Blog)[:de]Neuigkeiten (Blog)[:]","slug":"news","parent":16}],"post_tags":[],"post_author":"admin","post_author_avatar_urls":{"24":"https:\/\/secure.gravatar.com\/avatar\/b9db3db7b44d07cc869eb13533e034682ef5df97109b6a95acc79a320c1d6404?s=24&d=mm&r=g","48":"https:\/\/secure.gravatar.com\/avatar\/b9db3db7b44d07cc869eb13533e034682ef5df97109b6a95acc79a320c1d6404?s=48&d=mm&r=g","96":"https:\/\/secure.gravatar.com\/avatar\/b9db3db7b44d07cc869eb13533e034682ef5df97109b6a95acc79a320c1d6404?s=96&d=mm&r=g"},"post_comment_count":0,"image":"https:\/\/velovilnius.lt\/balticcycle\/files\/2018\/01\/PhotoGrid_1514870989289-672x372.jpg","thumb":"https:\/\/velovilnius.lt\/balticcycle\/files\/2018\/01\/PhotoGrid_1514870989289-100x100.jpg","thumb_medium":"https:\/\/velovilnius.lt\/balticcycle\/files\/2018\/01\/PhotoGrid_1514870989289-300x300.jpg","images":{"medium_large":"https:\/\/velovilnius.lt\/balticcycle\/files\/2018\/01\/PhotoGrid_1514870989289-768x768.jpg","1536x1536":"https:\/\/velovilnius.lt\/balticcycle\/files\/2018\/01\/PhotoGrid_1514870989289.jpg","2048x2048":"https:\/\/velovilnius.lt\/balticcycle\/files\/2018\/01\/PhotoGrid_1514870989289.jpg","woocommerce_thumbnail":"https:\/\/velovilnius.lt\/balticcycle\/files\/2018\/01\/PhotoGrid_1514870989289.jpg","woocommerce_single":"https:\/\/velovilnius.lt\/balticcycle\/files\/2018\/01\/PhotoGrid_1514870989289.jpg","woocommerce_gallery_thumbnail":"https:\/\/velovilnius.lt\/balticcycle\/files\/2018\/01\/PhotoGrid_1514870989289.jpg"},"post_title":"[:de]Ein Willkommensgru\u00df f\u00fcr das Jahr 2018! Und ein kleiner R\u00fcckblick mit Fotos von 2017 ...[:en]Welcome to 2018! Here's a small review in pictures from 2017...[:]","_links":{"self":[{"href":"https:\/\/velovilnius.lt\/balticcycle\/de\/wp-json\/wp\/v2\/posts\/2323","targetHints":{"allow":["GET"]}}],"collection":[{"href":"https:\/\/velovilnius.lt\/balticcycle\/de\/wp-json\/wp\/v2\/posts"}],"about":[{"href":"https:\/\/velovilnius.lt\/balticcycle\/de\/wp-json\/wp\/v2\/types\/post"}],"author":[{"embeddable":true,"href":"https:\/\/velovilnius.lt\/balticcycle\/de\/wp-json\/wp\/v2\/users\/1"}],"replies":[{"embeddable":true,"href":"https:\/\/velovilnius.lt\/balticcycle\/de\/wp-json\/wp\/v2\/comments?post=2323"}],"version-history":[{"count":0,"href":"https:\/\/velovilnius.lt\/balticcycle\/de\/wp-json\/wp\/v2\/posts\/2323\/revisions"}],"wp:featuredmedia":[{"embeddable":true,"href":"https:\/\/velovilnius.lt\/balticcycle\/de\/wp-json\/wp\/v2\/media\/2321"}],"wp:attachment":[{"href":"https:\/\/velovilnius.lt\/balticcycle\/de\/wp-json\/wp\/v2\/media?parent=2323"}],"wp:term":[{"taxonomy":"category","embeddable":true,"href":"https:\/\/velovilnius.lt\/balticcycle\/de\/wp-json\/wp\/v2\/categories?post=2323"},{"taxonomy":"post_tag","embeddable":true,"href":"https:\/\/velovilnius.lt\/balticcycle\/de\/wp-json\/wp\/v2\/tags?post=2323"}],"curies":[{"name":"wp","href":"https:\/\/api.w.org\/{rel}","templated":true}]}}